{"id":3233,"date":"2020-09-16T18:30:00","date_gmt":"2020-09-16T16:30:00","guid":{"rendered":"https:\/\/roadtocinema.paris\/?p=3233"},"modified":"2026-01-18T21:50:38","modified_gmt":"2026-01-18T20:50:38","slug":"rencontre-avec-paul-duhamel-directeur-de-rec-studio","status":"publish","type":"post","link":"https:\/\/roadtocinema.paris\/index.php\/2020\/09\/16\/rencontre-avec-paul-duhamel-directeur-de-rec-studio\/","title":{"rendered":"Rencontre avec Paul Duhamel, directeur de REC Studio"},"content":{"rendered":"\n<p><em>Nous sommes parties \u00e0 la rencontre de <strong>Paul Duhamel<\/strong>, vid\u00e9aste et directeur de <strong>REC Studio<\/strong>.<\/em><\/p>\n\n\n\n<!--more-->\n\n\n\n<h2 class=\"wp-block-heading\">REC Studio<\/h2>\n\n\n\n<p>REC Studio est une entreprise de&nbsp;<strong>communication<\/strong>&nbsp;et&nbsp;<strong>r\u00e9alisation audiovisuelle\/motion design 2D<\/strong>&nbsp;pour&nbsp;<strong>professionnels<\/strong>&nbsp;et&nbsp;<strong>particuliers<\/strong>. <\/p>\n\n\n\n<p>Bas\u00e9e au coeur des Hauts-de-France ainsi qu\u2019en \u00cele-de-France, REC Studio met \u00e0 disposition la production de contenus de qualit\u00e9 et des plus cr\u00e9atifs pour diff\u00e9rents projets. Avec de l\u2019ambition m\u00eal\u00e9e \u00e0 la passion de l\u2019audiovisuel, de la communication et de l\u2019innovation,&nbsp;<strong>REC Studio<\/strong>&nbsp;\u00e9volue en fonction du d\u00e9veloppement perp\u00e9tuel des moyens de communication&nbsp;et des nouvelles technologies, afin de toujours r\u00e9pondre au mieux \u00e0 la demande et aux envies&nbsp;des clients.<\/p>\n\n\n\n<div class=\"wp-block-image\"><figure class=\"aligncenter size-large\"><img decoding=\"async\" src=\"https:\/\/roadtocinema.paris\/wp-content\/uploads\/2020\/09\/16403014_955283304608473_91552093318005156_o-1024x1024.png\" alt=\"\" class=\"wp-image-3236\"\/><\/figure><\/div>\n\n\n\n<h2 class=\"wp-block-heading\">Notre interview<\/h2>\n\n\n\n<p>Dans le but de relayer les t\u00e9moignages des personnes qui travaillent dans l&rsquo;audiovisuel, nous sommes all\u00e9es \u00e0 la rencontre de Paul Duhamel, qui nous partage ses connaissances et son exp\u00e9rience de vid\u00e9aste.<\/p>\n\n\n\n<figure class=\"wp-block-embed aligncenter is-type-video is-provider-youtube wp-block-embed-youtube wp-embed-aspect-16-9 wp-has-aspect-ratio\"><div class=\"wp-block-embed__wrapper\">\n<div class=\"youtube-embed\" data-video_id=\"R3SFYLa-tis\"><iframe loading=\"lazy\" title=\"NOTRE RENCONTRE AVEC PAUL DUHAMEL : DIRECTEUR DE REC STUDIO\" width=\"696\" height=\"392\" src=\"https:\/\/www.youtube.com\/embed\/R3SFYLa-tis?start=48&#038;feature=oembed\" frameborder=\"0\" allow=\"accelerometer; autoplay; clipboard-write; encrypted-media; gyroscope; picture-in-picture\" allowfullscreen><\/iframe><\/div>\n<\/div><\/figure>\n\n\n\n<h6 class=\"wp-block-heading\">suivez les projets de REC Studio sur son site et ses r\u00e9seaux sociaux :<\/h6>\n\n\n\n<div class=\"wp-block-wpzoom-blocks-social-icons is-style-with-canvas-round\" style=\"--wpz-social-icons-block-item-font-size:20px;--wpz-social-icons-block-item-padding-horizontal:10px;--wpz-social-icons-block-item-padding-vertical:10px;--wpz-social-icons-block-item-margin-horizontal:5px;--wpz-social-icons-block-item-margin-vertical:5px;--wpz-social-icons-block-item-border-radius:50px;--wpz-social-icons-block-label-font-size:20px;--wpz-social-icons-block-label-color:#2e3131;--wpz-social-icons-block-label-color-hover:#2e3131;--wpz-social-icons-alignment:center\"><a href=\"https:\/\/recstudio.fr\/\" class=\"social-icon-link\" style=\"--wpz-social-icons-block-item-color:#3b5998;--wpz-social-icons-block-item-color-hover:#3b5998\"><span class=\"social-icon socicon socicon-wordpress\"><\/span><\/a><a href=\"https:\/\/www.facebook.com\/recstudiovideo\/?ref=page_internal\" class=\"social-icon-link\" style=\"--wpz-social-icons-block-item-color:#3b5998;--wpz-social-icons-block-item-color-hover:#3b5998\"><span class=\"social-icon socicon socicon-facebook\"><\/span><\/a><a href=\"https:\/\/www.instagram.com\/recstudio.off\/?hl=fr\" class=\"social-icon-link\" style=\"--wpz-social-icons-block-item-color:#e4405f;--wpz-social-icons-block-item-color-hover:#e4405f\"><span class=\"social-icon socicon socicon-instagram\"><\/span><\/a><\/div>\n","protected":false},"excerpt":{"rendered":"<p>Nous sommes parties \u00e0 la rencontre de Paul Duhamel, vid\u00e9aste et directeur de REC Studio.<\/p>\n","protected":false},"author":3,"featured_media":6643,"comment_status":"open","ping_status":"closed","sticky":false,"template":"","format":"standard","meta":{"tdm_status":"","tdm_grid_status":"","footnotes":""},"categories":[2130,2131],"tags":[],"class_list":{"0":"post-3233","1":"post","2":"type-post","3":"status-publish","4":"format-standard","5":"has-post-thumbnail","7":"category-nos-interviews","8":"category-nos-rencontres"},"aioseo_notices":[],"_links":{"self":[{"href":"https:\/\/roadtocinema.paris\/index.php\/wp-json\/wp\/v2\/posts\/3233","targetHints":{"allow":["GET"]}}],"collection":[{"href":"https:\/\/roadtocinema.paris\/index.php\/wp-json\/wp\/v2\/posts"}],"about":[{"href":"https:\/\/roadtocinema.paris\/index.php\/wp-json\/wp\/v2\/types\/post"}],"author":[{"embeddable":true,"href":"https:\/\/roadtocinema.paris\/index.php\/wp-json\/wp\/v2\/users\/3"}],"replies":[{"embeddable":true,"href":"https:\/\/roadtocinema.paris\/index.php\/wp-json\/wp\/v2\/comments?post=3233"}],"version-history":[{"count":5,"href":"https:\/\/roadtocinema.paris\/index.php\/wp-json\/wp\/v2\/posts\/3233\/revisions"}],"predecessor-version":[{"id":6644,"href":"https:\/\/roadtocinema.paris\/index.php\/wp-json\/wp\/v2\/posts\/3233\/revisions\/6644"}],"wp:featuredmedia":[{"embeddable":true,"href":"https:\/\/roadtocinema.paris\/index.php\/wp-json\/wp\/v2\/media\/6643"}],"wp:attachment":[{"href":"https:\/\/roadtocinema.paris\/index.php\/wp-json\/wp\/v2\/media?parent=3233"}],"wp:term":[{"taxonomy":"category","embeddable":true,"href":"https:\/\/roadtocinema.paris\/index.php\/wp-json\/wp\/v2\/categories?post=3233"},{"taxonomy":"post_tag","embeddable":true,"href":"https:\/\/roadtocinema.paris\/index.php\/wp-json\/wp\/v2\/tags?post=3233"}],"curies":[{"name":"wp","href":"https:\/\/api.w.org\/{rel}","templated":true}]}}