{"id":3249,"date":"2020-10-11T18:47:35","date_gmt":"2020-10-11T16:47:35","guid":{"rendered":"https:\/\/roadtocinema.paris\/?p=3249"},"modified":"2026-01-18T21:50:24","modified_gmt":"2026-01-18T20:50:24","slug":"rencontre-avec-lassociation-horschamp","status":"publish","type":"post","link":"https:\/\/roadtocinema.paris\/index.php\/2020\/10\/11\/rencontre-avec-lassociation-horschamp\/","title":{"rendered":"Horschamp, parrain\u00e9e par Thierry Fr\u00e9maux, oeuvre pour la promotion du cin\u00e9ma d\u2019auteur international"},"content":{"rendered":"\n<p><em>Horschamp c\u2019est quoi ou plut\u00f4t c\u2019est qui ? <strong>L\u00e9olo Victor-Pujebet et Mathieu Morel <\/strong>sont deux jeunes passionn\u00e9s de cin\u00e9ma, qui ont eu pour id\u00e9e, de cr\u00e9er des <strong>rencontres entre cin\u00e9astes et cin\u00e9philes<\/strong>, dans des cin\u00e9mas ind\u00e9pendants \u00e0 Paris.<\/em><\/p>\n\n\n\n<!--more-->\n\n\n\n<p>Nous les avons rencontr\u00e9 suite \u00e0 une Masterclass avec <strong>St\u00e9phane Briz\u00e9<\/strong>, o\u00f9 il pr\u00e9sentait son premier film <em>Le bleu des villes <\/em>(1999), r\u00e9compens\u00e9 \u00e0 Namur, \u00e0 Deauville et \u00e0 Cannes. Ils discuteront alors des premi\u00e8res fois du r\u00e9alisateur, de ses peurs, ses envies, ses \u00e9checs et succ\u00e8s, son regard et ses apprentissages qui s\u2019inviteront chaque fois dans son quotidien et communiqueront sans cesse avec sa vie.<\/p>\n\n\n\n<h2 class=\"wp-block-heading\">Que fait l&rsquo;association Horschamp ?<\/h2>\n\n\n\n<figure class=\"wp-block-pullquote\"><blockquote class=\"has-text-color has-luminous-vivid-amber-color\"><p>Horschamp c&rsquo;est les rencontres de Cin\u00e9ma. Une association de Loi 1901, parrain\u00e9e par <strong>Thierry Fr\u00e9maux<\/strong>, oeuvrant pour la <strong>promotion du cin\u00e9ma d\u2019auteur international<\/strong> \u00e0 travers l\u2019organisation de rencontres et la diffusion d\u2019oeuvres de patrimoine sur le territoire fran\u00e7ais ainsi que sa plateforme digitale f\u00e9d\u00e9rant des centaines de captations de master-classes sur une vid\u00e9oth\u00e8que gratuite<\/p><p><\/p><cite><a href=\"https:\/\/www.horschampfrance.com\/infos?fbclid=IwAR0xFkvjH33qlZxj6JLxboXN6NXtjOz8yTGxGfYL1s1rOHSyIP1YNMpjzU4\" target=\"_blank\" rel=\"noreferrer noopener\">Horschamp<\/a><\/cite><\/blockquote><\/figure>\n\n\n\n<p>Depuis janvier 2019, Horschamp organise un nouveau cycle en partenariat avec les \u00c9crans de Paris \u00ab Toute premi\u00e8re fois \u00bb, revenant sur la premi\u00e8re oeuvre d\u2019un cin\u00e9aste de renom. <\/p>\n\n\n\n<h2 class=\"wp-block-heading\">Notre rencontre<\/h2>\n\n\n\n<p>C\u2019est dans ce cadre qu\u2019au cin\u00e9ma L\u2019Escurial du 13\u00e8me arrondissement de Paris nous avons rencontr\u00e9 L\u00e9olo, Mathieu et St\u00e9phane Briz\u00e9 le r\u00e9alisateur de <em>Mademoiselle Chambon<\/em> (2009), <em>La loi du march\u00e9<\/em> (2015) ou <em>En guerre<\/em> (2018) dont l\u2019acteur star est <strong>Vincent Lindon<\/strong>.<\/p>\n\n\n\n<p>La rencontre a \u00e9t\u00e9 int\u00e9ressante et en coh\u00e9sion parfaite avec ce que nous d\u00e9fendons, ils ont voulu trouver une alternative \u00e0 des rencontres cin\u00e9philes trop cod\u00e9s, trop peu intenses et riches en partage et apprentissage, ils ont alors imagin\u00e9s leur rendez-vous, leurs opportunit\u00e9s de rencontres en cr\u00e9ant un lien solide entre cin\u00e9astes et apprentis, entre cin\u00e9philes et cin\u00e9philes.<\/p>\n\n\n\n<p>Nous vous laissons alors d\u00e9couvrir Mathieu directeur artistique d\u2019Hors Champ vous raconter les d\u00e9buts de l\u2019association, comment ils choisissent leurs invit\u00e9s, ce qu\u2019ils ont d\u00e9couverts et quelles sont leurs envies pour l\u2019avenir. Le cin\u00e9ma demeure parce que les cin\u00e9astes, r\u00e9alisateur.rices, acteur.rices, auteur.rices, technicien.nes existent et parce que les cin\u00e9philes de tout \u00e2ge et de tous genres continuent \u00e0 aller en salle, d\u00e9battent et aiment fonci\u00e8rement le cin\u00e9ma. Longue vie \u00e0 Hors Champ, longue vie au cin\u00e9ma !<\/p>\n\n\n\n<figure class=\"wp-block-embed aligncenter is-type-video is-provider-youtube wp-block-embed-youtube wp-embed-aspect-16-9 wp-has-aspect-ratio\"><div class=\"wp-block-embed__wrapper\">\n<div class=\"youtube-embed\" data-video_id=\"ws2DygxmXFA\"><iframe loading=\"lazy\" title=\"NOTRE RENCONTRE AVEC LE CO-FONDATEUR DE L&#039;ASSOCIATION HORSCHAMP\" width=\"696\" height=\"392\" src=\"https:\/\/www.youtube.com\/embed\/ws2DygxmXFA?feature=oembed&#038;enablejsapi=1\" frameborder=\"0\" allow=\"accelerometer; autoplay; clipboard-write; encrypted-media; gyroscope; picture-in-picture\" allowfullscreen><\/iframe><\/div>\n<\/div><\/figure>\n\n\n\n<h6 class=\"has-text-align-center wp-block-heading\">Plus d&rsquo;informations sur l&rsquo;association horschamp sur leur site et r\u00e9seaux sociaux<\/h6>\n\n\n\n<div class=\"wp-block-wpzoom-blocks-social-icons is-style-with-canvas-round\" style=\"--wpz-social-icons-block-item-font-size:20px;--wpz-social-icons-block-item-padding-horizontal:10px;--wpz-social-icons-block-item-padding-vertical:10px;--wpz-social-icons-block-item-margin-horizontal:5px;--wpz-social-icons-block-item-margin-vertical:5px;--wpz-social-icons-block-item-border-radius:50px;--wpz-social-icons-block-label-font-size:20px;--wpz-social-icons-block-label-color:#2e3131;--wpz-social-icons-block-label-color-hover:#2e3131;--wpz-social-icons-alignment:center\"><a href=\"https:\/\/www.horschampfrance.com\/accueil\" class=\"social-icon-link\" style=\"--wpz-social-icons-block-item-color:#3b5998;--wpz-social-icons-block-item-color-hover:#3b5998\"><span class=\"social-icon socicon socicon-wordpress\"><\/span><\/a><a href=\"https:\/\/www.facebook.com\/HorschampFrance\/?ref=page_internal\" class=\"social-icon-link\" style=\"--wpz-social-icons-block-item-color:#3b5998;--wpz-social-icons-block-item-color-hover:#3b5998\"><span class=\"social-icon socicon socicon-facebook\"><\/span><\/a><a href=\"https:\/\/www.instagram.com\/horschampfr\/?hl=fr\" class=\"social-icon-link\" style=\"--wpz-social-icons-block-item-color:#e4405f;--wpz-social-icons-block-item-color-hover:#e4405f\"><span class=\"social-icon socicon socicon-instagram\"><\/span><\/a><\/div>\n\n\n\n<h4 class=\"has-text-align-right wp-block-heading\">Cr\u00e9dits photos : Mathilde Azoze et Quentin Hulot<\/h4>\n","protected":false},"excerpt":{"rendered":"<p>Horschamp c\u2019est quoi ou plut\u00f4t c\u2019est qui ? L\u00e9olo Victor-Pujebet et Mathieu Morel sont deux jeunes passionn\u00e9s de cin\u00e9ma, qui ont eu pour id\u00e9e, de cr\u00e9er des rencontres entre cin\u00e9astes et cin\u00e9philes, dans des cin\u00e9mas ind\u00e9pendants \u00e0 Paris.<\/p>\n","protected":false},"author":3,"featured_media":6638,"comment_status":"open","ping_status":"closed","sticky":false,"template":"","format":"standard","meta":{"tdm_status":"","tdm_grid_status":"","footnotes":""},"categories":[2130,2131],"tags":[],"class_list":{"0":"post-3249","1":"post","2":"type-post","3":"status-publish","4":"format-standard","5":"has-post-thumbnail","7":"category-nos-interviews","8":"category-nos-rencontres"},"aioseo_notices":[],"_links":{"self":[{"href":"https:\/\/roadtocinema.paris\/index.php\/wp-json\/wp\/v2\/posts\/3249","targetHints":{"allow":["GET"]}}],"collection":[{"href":"https:\/\/roadtocinema.paris\/index.php\/wp-json\/wp\/v2\/posts"}],"about":[{"href":"https:\/\/roadtocinema.paris\/index.php\/wp-json\/wp\/v2\/types\/post"}],"author":[{"embeddable":true,"href":"https:\/\/roadtocinema.paris\/index.php\/wp-json\/wp\/v2\/users\/3"}],"replies":[{"embeddable":true,"href":"https:\/\/roadtocinema.paris\/index.php\/wp-json\/wp\/v2\/comments?post=3249"}],"version-history":[{"count":5,"href":"https:\/\/roadtocinema.paris\/index.php\/wp-json\/wp\/v2\/posts\/3249\/revisions"}],"predecessor-version":[{"id":6640,"href":"https:\/\/roadtocinema.paris\/index.php\/wp-json\/wp\/v2\/posts\/3249\/revisions\/6640"}],"wp:featuredmedia":[{"embeddable":true,"href":"https:\/\/roadtocinema.paris\/index.php\/wp-json\/wp\/v2\/media\/6638"}],"wp:attachment":[{"href":"https:\/\/roadtocinema.paris\/index.php\/wp-json\/wp\/v2\/media?parent=3249"}],"wp:term":[{"taxonomy":"category","embeddable":true,"href":"https:\/\/roadtocinema.paris\/index.php\/wp-json\/wp\/v2\/categories?post=3249"},{"taxonomy":"post_tag","embeddable":true,"href":"https:\/\/roadtocinema.paris\/index.php\/wp-json\/wp\/v2\/tags?post=3249"}],"curies":[{"name":"wp","href":"https:\/\/api.w.org\/{rel}","templated":true}]}}