{"id":5530,"date":"2021-06-16T17:30:08","date_gmt":"2021-06-16T15:30:08","guid":{"rendered":"https:\/\/roadtocinema.paris\/?p=5530"},"modified":"2026-01-18T21:46:34","modified_gmt":"2026-01-18T20:46:34","slug":"soeurs-de-yamina-benguigui-le-film-douverture-du-festival-plurielles-2021-avec-la-presence-disabelle-adjani","status":"publish","type":"post","link":"https:\/\/roadtocinema.paris\/index.php\/2021\/06\/16\/soeurs-de-yamina-benguigui-le-film-douverture-du-festival-plurielles-2021-avec-la-presence-disabelle-adjani\/","title":{"rendered":"\u00ab\u00a0Soeurs\u00a0\u00bb de Yamina Benguigui: Le film d&rsquo;ouverture du Festival Plurielles 2021 avec la pr\u00e9sence d&rsquo;Isabelle Adjani"},"content":{"rendered":"\n<p><em>Cette ann\u00e9e, l\u2019\u00e9quipe de Road to Cinema vous emm\u00e8ne sur le tapis rouge de la 4\u00e8me \u00e9dition du Festival Plurielles \u00e0 l&rsquo;occasion de la c\u00e9r\u00e9monie d&rsquo;ouverture et de son film Soeurs, projet\u00e9 pour la premi\u00e8re fois devant le public, r\u00e9alis\u00e9 par Yamina Benguigui !<\/em><\/p>\n\n\n\n<h2 class=\"wp-block-heading\">Quand les<strong> h\u00e9ro\u00efnes du quotidien sont mises \u00e0 l&rsquo;honneur<\/strong>&#8230;<\/h2>\n\n\n\n<p>Depuis sa cr\u00e9ation en 2018 par <strong>Quentin Delcourt<\/strong> et <strong>Laurence Meunier<\/strong>, le <strong>Festival Plurielle<\/strong>s ne cesse d\u2019\u00e9voluer et de grandir\u2026 A seulement 1h de Paris, cet \u00e9v\u00e8nement incontournable c\u00e9l\u00e9br\u00e9 du 11 au 19 juin au <strong>Cin\u00e9ma Majestic de Compi\u00e8gne<\/strong> met \u00e0 l\u2019honneur les femmes et l\u2019inclusion dans le cin\u00e9ma international contemporain ! <strong>Actrices, r\u00e9alisatrices <\/strong>ou<strong> encore personnalit\u00e9s influentes<\/strong>, toutes se sont r\u00e9unies pour fouler le chaleureux et prestigieux tapis rouge de cet \u00e9v\u00e8nement unique !&nbsp;<\/p>\n\n\n\n<figure class=\"wp-block-image size-large\"><img loading=\"lazy\" decoding=\"async\" width=\"1024\" height=\"572\" src=\"https:\/\/roadtocinema.paris\/wp-content\/uploads\/2021\/06\/09416866-b561-446c-aea0-a2ce6b39e81f-1024x572.jpg\" alt=\"\" class=\"wp-image-5532\" srcset=\"https:\/\/roadtocinema.paris\/wp-content\/uploads\/2021\/06\/09416866-b561-446c-aea0-a2ce6b39e81f-1024x572.jpg 1024w, https:\/\/roadtocinema.paris\/wp-content\/uploads\/2021\/06\/09416866-b561-446c-aea0-a2ce6b39e81f-300x167.jpg 300w, https:\/\/roadtocinema.paris\/wp-content\/uploads\/2021\/06\/09416866-b561-446c-aea0-a2ce6b39e81f-768x429.jpg 768w, https:\/\/roadtocinema.paris\/wp-content\/uploads\/2021\/06\/09416866-b561-446c-aea0-a2ce6b39e81f-1536x857.jpg 1536w, https:\/\/roadtocinema.paris\/wp-content\/uploads\/2021\/06\/09416866-b561-446c-aea0-a2ce6b39e81f.jpg 1600w\" sizes=\"auto, (max-width: 1024px) 100vw, 1024px\" \/><\/figure>\n\n\n\n<p>Apr\u00e8s 7 mois sans salles de cin\u00e9ma, le <strong>Festival Plurielles<\/strong> promet une \u00e9vasion des plus totales ! Tourn\u00e9s vers l\u2019Autre, la s\u00e9lection de ses films en comp\u00e9tition racontent l\u2019histoire d\u2019<strong>h\u00e9ro\u00efnes contemporaines et de personnages plus singuliers<\/strong> favorisant ainsi leurs <strong>repr\u00e9sentations au sein de notre soci\u00e9t\u00e9<\/strong>\u2026&nbsp;Cette ann\u00e9e pour la grande c\u00e9r\u00e9monie d\u2019ouverture \u00e9taient attendues la r\u00e9alisatrice <strong>Yamina Benguigui<\/strong> et l\u2019actrice <strong>Isabelle Adjani<\/strong> pour la toute premi\u00e8re projection du film <strong>\u00ab\u00a0Soeurs\u00a0\u00bb <\/strong>!<\/p>\n\n\n\n<h2 class=\"wp-block-heading\">Un film franco-alg\u00e9rien bouleversant&#8230;<\/h2>\n\n\n\n<p>L&rsquo;histoire interpr\u00eat\u00e9e par par <strong>Isabelle Adjani<\/strong>, <strong>Ma\u00efwenn<\/strong>, <strong>Rachida Brakni<\/strong>, <strong>Hafsia Herzi<\/strong> et <strong>Djanis Bouzyani<\/strong> racontre l&rsquo;histoire de Zorah, dramaturge d\u2019origine franco-alg\u00e9rienne. Par un besoin visc\u00e9rale, elle r\u00e9veille les fant\u00f4mes du pass\u00e9 dont la figure terrible du p\u00e8re, Ahmed, un militant du mouvement ind\u00e9pendantiste alg\u00e9rien venu combattre sur le sol&nbsp;fran\u00e7ais.&nbsp;Zorah&nbsp;n\u2019a pu ramener que sa s\u0153ur Norah d\u2019Alg\u00e9rie o\u00f9 Ahmed avait aussi emmen\u00e9 Redah, son petit fr\u00e8re, apr\u00e8s les avoir enlev\u00e9s suite au divorce obtenu par la m\u00e8re.&nbsp;&nbsp;Depuis, comme sa m\u00e8re Le\u00efla, elle est hant\u00e9e par la question : o\u00f9 est Redah ?&nbsp;Trente ans plus tard, quand commencent les r\u00e9p\u00e9titions de sa pi\u00e8ce \u00ab Fr\u00e8res \u00bb un s\u00e9isme familial \u00e9clate : Norah et Djamila, sa s\u0153ur cadette, sont pr\u00eates \u00e0 lui d\u00e9clarer la guerre pour avoir rompu le silence, ce qui pour sa famille est un acte de trahison.&nbsp;<\/p>\n\n\n\n<figure class=\"wp-block-image size-large\"><img loading=\"lazy\" decoding=\"async\" width=\"1024\" height=\"577\" src=\"https:\/\/roadtocinema.paris\/wp-content\/uploads\/2021\/06\/e07ff031-2f97-4a40-9910-7b045445b550-1024x577.jpg\" alt=\"\" class=\"wp-image-5533\" srcset=\"https:\/\/roadtocinema.paris\/wp-content\/uploads\/2021\/06\/e07ff031-2f97-4a40-9910-7b045445b550-1024x577.jpg 1024w, https:\/\/roadtocinema.paris\/wp-content\/uploads\/2021\/06\/e07ff031-2f97-4a40-9910-7b045445b550-300x169.jpg 300w, https:\/\/roadtocinema.paris\/wp-content\/uploads\/2021\/06\/e07ff031-2f97-4a40-9910-7b045445b550-768x432.jpg 768w, https:\/\/roadtocinema.paris\/wp-content\/uploads\/2021\/06\/e07ff031-2f97-4a40-9910-7b045445b550-1536x865.jpg 1536w, https:\/\/roadtocinema.paris\/wp-content\/uploads\/2021\/06\/e07ff031-2f97-4a40-9910-7b045445b550.jpg 1600w\" sizes=\"auto, (max-width: 1024px) 100vw, 1024px\" \/><\/figure>\n\n\n\n<p><br>Mais la guerre des s\u0153urs n\u2019aura pas lieu.&nbsp;Inform\u00e9e que le p\u00e8re est hospitalis\u00e9 \u00e0 Alger, la m\u00e8re exige que&nbsp;<strong>Zorah&nbsp;<\/strong>parte \u00e0 sa recherche avec ses s\u0153urs, derni\u00e8re et ultime chance pour elle de revoir son fils.&nbsp;Que trouveront-elles dans une Alg\u00e9rie en pleine \u00e9bullition ?&nbsp;Le p\u00e8re n\u2019est plus \u00e0 l\u2019h\u00f4pital, il est peut-\u00eatre en Kabylie, mais c\u2019est loin <strong>Tizi Ouzou<\/strong>, surtout quand les rues de la capitale sont envahies par des&nbsp;centaines de milliers de manifestants\u2026 quand les statues des p\u00e8res fondateurs tombent, quand se l\u00e8ve le vent de la r\u00e9volution.&nbsp;<\/p>\n\n\n\n<figure class=\"wp-block-embed is-type-video is-provider-youtube wp-block-embed-youtube wp-embed-aspect-16-9 wp-has-aspect-ratio\"><div class=\"wp-block-embed__wrapper\">\n<div class=\"youtube-embed\" data-video_id=\"C7mIFISlXlY\"><iframe loading=\"lazy\" title=\"S\u0153urs (bande-annonce)\" width=\"696\" height=\"392\" src=\"https:\/\/www.youtube.com\/embed\/C7mIFISlXlY?feature=oembed&#038;enablejsapi=1\" frameborder=\"0\" allow=\"accelerometer; autoplay; clipboard-write; encrypted-media; gyroscope; picture-in-picture\" allowfullscreen><\/iframe><\/div>\n<\/div><\/figure>\n\n\n\n<h2 class=\"wp-block-heading\"><em>Pour compl\u00e9ter votre lecture : <\/em><\/h2>\n\n\n\n<figure class=\"wp-block-embed is-type-wp-embed is-provider-road-to-cinema wp-block-embed-road-to-cinema\"><div class=\"wp-block-embed__wrapper\">\n<blockquote class=\"wp-embedded-content\" data-secret=\"XyJr6fW0aA\"><a href=\"https:\/\/roadtocinema.paris\/index.php\/2021\/06\/02\/la-4eme-edition-du-festival-plurielles\/\">La 4\u00e8me \u00e9dition du Festival Plurielles<\/a><\/blockquote><iframe loading=\"lazy\" class=\"wp-embedded-content\" sandbox=\"allow-scripts\" security=\"restricted\" style=\"position: absolute; clip: rect(1px, 1px, 1px, 1px);\" title=\"\u00ab\u00a0La 4\u00e8me \u00e9dition du Festival Plurielles\u00a0\u00bb &#8212; Road to Cinema\" src=\"https:\/\/roadtocinema.paris\/index.php\/2021\/06\/02\/la-4eme-edition-du-festival-plurielles\/embed\/#?secret=XyJr6fW0aA\" data-secret=\"XyJr6fW0aA\" width=\"600\" height=\"338\" frameborder=\"0\" marginwidth=\"0\" marginheight=\"0\" scrolling=\"no\"><\/iframe>\n<\/div><\/figure>\n\n\n\n<figure class=\"wp-block-embed is-type-wp-embed is-provider-road-to-cinema wp-block-embed-road-to-cinema\"><div class=\"wp-block-embed__wrapper\">\n<blockquote class=\"wp-embedded-content\" data-secret=\"IWoAIM35ko\"><a href=\"https:\/\/roadtocinema.paris\/index.php\/2021\/02\/11\/djanis-bouzyani-du-crazy-horse-aux-revelations-des-cesar-il-revient-sur-son-parcours\/\">Djanis Bouzyani, interview d&rsquo;un artiste pluridisciplinaire<\/a><\/blockquote><iframe loading=\"lazy\" class=\"wp-embedded-content\" sandbox=\"allow-scripts\" security=\"restricted\" style=\"position: absolute; clip: rect(1px, 1px, 1px, 1px);\" title=\"\u00ab\u00a0Djanis Bouzyani, interview d&rsquo;un artiste pluridisciplinaire\u00a0\u00bb &#8212; Road to Cinema\" src=\"https:\/\/roadtocinema.paris\/index.php\/2021\/02\/11\/djanis-bouzyani-du-crazy-horse-aux-revelations-des-cesar-il-revient-sur-son-parcours\/embed\/#?secret=IWoAIM35ko\" data-secret=\"IWoAIM35ko\" width=\"600\" height=\"338\" frameborder=\"0\" marginwidth=\"0\" marginheight=\"0\" scrolling=\"no\"><\/iframe>\n<\/div><\/figure>\n","protected":false},"excerpt":{"rendered":"<p>Cette ann\u00e9e, l\u2019\u00e9quipe de Road to Cinema vous emm\u00e8ne sur le tapis rouge de la 4\u00e8me \u00e9dition du Festival Plurielles \u00e0 l&rsquo;occasion de la c\u00e9r\u00e9monie d&rsquo;ouverture et de son film Soeurs, projet\u00e9 pour la premi\u00e8re fois devant le public, r\u00e9alis\u00e9 par Yamina Benguigui ! Quand les h\u00e9ro\u00efnes du quotidien sont mises \u00e0 l&rsquo;honneur&#8230; Depuis sa [&hellip;]<\/p>\n","protected":false},"author":2,"featured_media":5531,"comment_status":"open","ping_status":"open","sticky":false,"template":"","format":"standard","meta":{"tdm_status":"","tdm_grid_status":"","footnotes":""},"categories":[413,145],"tags":[],"class_list":{"0":"post-5530","1":"post","2":"type-post","3":"status-publish","4":"format-standard","5":"has-post-thumbnail","7":"category-festival-plurielles","8":"category-nos-partenariats"},"aioseo_notices":[],"_links":{"self":[{"href":"https:\/\/roadtocinema.paris\/index.php\/wp-json\/wp\/v2\/posts\/5530","targetHints":{"allow":["GET"]}}],"collection":[{"href":"https:\/\/roadtocinema.paris\/index.php\/wp-json\/wp\/v2\/posts"}],"about":[{"href":"https:\/\/roadtocinema.paris\/index.php\/wp-json\/wp\/v2\/types\/post"}],"author":[{"embeddable":true,"href":"https:\/\/roadtocinema.paris\/index.php\/wp-json\/wp\/v2\/users\/2"}],"replies":[{"embeddable":true,"href":"https:\/\/roadtocinema.paris\/index.php\/wp-json\/wp\/v2\/comments?post=5530"}],"version-history":[{"count":2,"href":"https:\/\/roadtocinema.paris\/index.php\/wp-json\/wp\/v2\/posts\/5530\/revisions"}],"predecessor-version":[{"id":5535,"href":"https:\/\/roadtocinema.paris\/index.php\/wp-json\/wp\/v2\/posts\/5530\/revisions\/5535"}],"wp:featuredmedia":[{"embeddable":true,"href":"https:\/\/roadtocinema.paris\/index.php\/wp-json\/wp\/v2\/media\/5531"}],"wp:attachment":[{"href":"https:\/\/roadtocinema.paris\/index.php\/wp-json\/wp\/v2\/media?parent=5530"}],"wp:term":[{"taxonomy":"category","embeddable":true,"href":"https:\/\/roadtocinema.paris\/index.php\/wp-json\/wp\/v2\/categories?post=5530"},{"taxonomy":"post_tag","embeddable":true,"href":"https:\/\/roadtocinema.paris\/index.php\/wp-json\/wp\/v2\/tags?post=5530"}],"curies":[{"name":"wp","href":"https:\/\/api.w.org\/{rel}","templated":true}]}}