{"id":5562,"date":"2021-06-23T20:37:00","date_gmt":"2021-06-23T18:37:00","guid":{"rendered":"https:\/\/roadtocinema.paris\/?p=5562"},"modified":"2021-07-04T20:47:31","modified_gmt":"2021-07-04T18:47:31","slug":"un-cri-du-ventre-rencontre-bouleversante-avec-lauteure-comedienne-et-chroniqueuse-enora-malagre","status":"publish","type":"post","link":"https:\/\/roadtocinema.paris\/index.php\/2021\/06\/23\/un-cri-du-ventre-rencontre-bouleversante-avec-lauteure-comedienne-et-chroniqueuse-enora-malagre\/","title":{"rendered":"\u00ab\u00a0Un cri du ventre\u00a0\u00bb: rencontre bouleversante avec l&rsquo;auteure, com\u00e9dienne et chroniqueuse \u00c9nora Malagr\u00e9"},"content":{"rendered":"\n<p>Cette ann\u00e9e l&rsquo;\u00e9quipe de Road to Cinema s\u2019est donn\u00e9 rendez-vous au Cin\u00e9ma Majestic de Compi\u00e8gne afin de\u00a0<strong>couvrir le <a href=\"https:\/\/roadtocinema.paris\/index.php\/2021\/06\/02\/la-4eme-edition-du-festival-plurielles\/\">Festival Plurielles<\/a><\/strong>, un festival d\u2019une grande ambition, co-fond\u00e9 par <a href=\"https:\/\/roadtocinema.paris\/index.php\/2021\/02\/28\/portrait-de-quentin-delcourt-un-cineaste-independant-qui-place-lhumain-au-coeur-de-ses-oeuvres\/\">Quentin Delcourt<\/a> et Laurence Meunier, qui met en lumi\u00e8re\u00a0<strong>les femmes, l\u2019inclusion, la diversit\u00e9\u00a0<\/strong>et qui lutte au travers des films programm\u00e9s et des conf\u00e9rences orchestr\u00e9es pour une meilleure repr\u00e9sentation de la parit\u00e9 et de la diversit\u00e9 dans le cin\u00e9ma. C\u2019est dans ce cadre que <strong>Cl\u00e9mentine Abadie<\/strong> a eut l&rsquo;honneur de rencontrer l&rsquo;auteure, com\u00e9dienne et chroniqueuse de radio et de t\u00e9l\u00e9vision <strong>\u00c9nora Malagr\u00e9<\/strong> pour \u00e9changer sur la sortie de son premier livre <em><strong>\u00ab\u00a0Un cri du ventre\u00a0\u00bb<\/strong><\/em>.<\/p>\n\n\n\n<h2 class=\"wp-block-heading\">L&rsquo;endom\u00e9triose comme combat<\/h2>\n\n\n\n<blockquote class=\"wp-block-quote is-layout-flow wp-block-quote-is-layout-flow\"><p>\u00ab\u00a0Jusqu\u2019\u00e0 l\u2019\u00e2ge de 28 ans je vis heureuse comme une vraie petite branleuse, je me trouve belle, mes seins dress\u00e9s qui semblent d\u00e9fier la mode, mes fesses rebondies sur lesquels on pourrait d\u00eener \u00e0 2, mes longs cheveux sauvages, mon ventre plat, mes cuisses muscl\u00e9es. Je me trouve jolie. Je me sens tellement libre ! Et puis \u00e0 28 ans, \u00e0 l\u2019\u00e9poque je suis animatrice pour Radio Nova et RTL9. Un soir, sans pr\u00e9avis : la maladie me casse les jambes !\u00a0 \u00bb<\/p><cite>raconte \u00c9nora Malagr\u00e9 dans son livre \u00ab\u00a0Un Cri du Ventre\u00a0\u00bb<\/cite><\/blockquote>\n\n\n\n<p>La maladie dont parle \u00c9nora, c&rsquo;est l&rsquo;endom\u00e9triose. Une maladie qui touche 1 femme sur 10 mais paradoxalement encore trop peu connue. <strong> Inflammatoire et chronique, elle touche l\u2019appareil g\u00e9nital f\u00e9minin<\/strong>\u00a0qui s\u2019explique par le d\u00e9veloppement d\u2019une muqueuse ut\u00e9rine (l\u2019endom\u00e8tre) en dehors de l\u2019ut\u00e9rus, colonisant d\u2019autres organes. Il s\u2019agit d\u2019une maladie complexe, qui touche uniquement les femmes en \u00e2ge de procr\u00e9er. \u00c9nora raconte alors son combat, son exp\u00e9rience \u00e0 travers son tout premier livre autobiographique absolument poignant&#8230;  <\/p>\n\n\n\n<figure class=\"wp-block-embed is-type-video is-provider-youtube wp-block-embed-youtube wp-embed-aspect-16-9 wp-has-aspect-ratio\"><div class=\"wp-block-embed__wrapper\">\n<div class=\"youtube-embed\" data-video_id=\"DBz2lCQ0YMc\"><iframe loading=\"lazy\" title=\"ENORA MALAGRE AU FESTIVAL PLURIELLES POUR SON LIVRE &quot; UN CRI DU VENTRE&quot;\" width=\"696\" height=\"392\" src=\"https:\/\/www.youtube.com\/embed\/DBz2lCQ0YMc?feature=oembed&#038;enablejsapi=1\" frameborder=\"0\" allow=\"accelerometer; autoplay; clipboard-write; encrypted-media; gyroscope; picture-in-picture\" allowfullscreen><\/iframe><\/div>\n<\/div><\/figure>\n\n\n\n<p><strong>Photographe : Matthieu Camille Colin <a href=\"https:\/\/www.instagram.com\/matthieu_camille_colin79\/?hl=fr\">@<strong>matthieu_camille_colin79<\/strong><\/a><\/strong>, <strong><strong> juin 2021, Festival Plurielles pour Road to Cinema<\/strong><\/strong><\/p>\n\n\n\n<h2 class=\"wp-block-heading\"><strong><em>Pour compl\u00e9ter votre lecture <\/em><\/strong><\/h2>\n\n\n\n<figure class=\"wp-block-embed is-type-wp-embed is-provider-road-to-cinema wp-block-embed-road-to-cinema\"><div class=\"wp-block-embed__wrapper\">\n<blockquote class=\"wp-embedded-content\" data-secret=\"9V7EqTCzZB\"><a href=\"https:\/\/roadtocinema.paris\/index.php\/2021\/06\/16\/soeurs-de-yamina-benguigui-le-film-douverture-du-festival-plurielles-2021-avec-la-presence-disabelle-adjani\/\">\u00ab\u00a0Soeurs\u00a0\u00bb de Yamina Benguigui: Le film d&rsquo;ouverture du Festival Plurielles 2021 avec la pr\u00e9sence d&rsquo;Isabelle Adjani<\/a><\/blockquote><iframe loading=\"lazy\" class=\"wp-embedded-content\" sandbox=\"allow-scripts\" security=\"restricted\" style=\"position: absolute; clip: rect(1px, 1px, 1px, 1px);\" title=\"\u00ab\u00a0\u00ab\u00a0Soeurs\u00a0\u00bb de Yamina Benguigui: Le film d&rsquo;ouverture du Festival Plurielles 2021 avec la pr\u00e9sence d&rsquo;Isabelle Adjani\u00a0\u00bb &#8212; Road to Cinema\" src=\"https:\/\/roadtocinema.paris\/index.php\/2021\/06\/16\/soeurs-de-yamina-benguigui-le-film-douverture-du-festival-plurielles-2021-avec-la-presence-disabelle-adjani\/embed\/#?secret=9V7EqTCzZB\" data-secret=\"9V7EqTCzZB\" width=\"600\" height=\"338\" frameborder=\"0\" marginwidth=\"0\" marginheight=\"0\" scrolling=\"no\"><\/iframe>\n<\/div><\/figure>\n\n\n\n<p><\/p>\n","protected":false},"excerpt":{"rendered":"<p>Cette ann\u00e9e l&rsquo;\u00e9quipe de Road to Cinema s\u2019est donn\u00e9 rendez-vous au Cin\u00e9ma Majestic de Compi\u00e8gne afin de\u00a0couvrir le Festival Plurielles, un festival d\u2019une grande ambition, co-fond\u00e9 par Quentin Delcourt et Laurence Meunier, qui met en lumi\u00e8re\u00a0les femmes, l\u2019inclusion, la diversit\u00e9\u00a0et qui lutte au travers des films programm\u00e9s et des conf\u00e9rences orchestr\u00e9es pour une meilleure repr\u00e9sentation [&hellip;]<\/p>\n","protected":false},"author":2,"featured_media":5564,"comment_status":"open","ping_status":"open","sticky":false,"template":"","format":"standard","meta":{"tdm_status":"","tdm_grid_status":"","footnotes":""},"categories":[413,145],"tags":[],"class_list":{"0":"post-5562","1":"post","2":"type-post","3":"status-publish","4":"format-standard","5":"has-post-thumbnail","7":"category-festival-plurielles","8":"category-nos-partenariats"},"aioseo_notices":[],"_links":{"self":[{"href":"https:\/\/roadtocinema.paris\/index.php\/wp-json\/wp\/v2\/posts\/5562","targetHints":{"allow":["GET"]}}],"collection":[{"href":"https:\/\/roadtocinema.paris\/index.php\/wp-json\/wp\/v2\/posts"}],"about":[{"href":"https:\/\/roadtocinema.paris\/index.php\/wp-json\/wp\/v2\/types\/post"}],"author":[{"embeddable":true,"href":"https:\/\/roadtocinema.paris\/index.php\/wp-json\/wp\/v2\/users\/2"}],"replies":[{"embeddable":true,"href":"https:\/\/roadtocinema.paris\/index.php\/wp-json\/wp\/v2\/comments?post=5562"}],"version-history":[{"count":2,"href":"https:\/\/roadtocinema.paris\/index.php\/wp-json\/wp\/v2\/posts\/5562\/revisions"}],"predecessor-version":[{"id":5566,"href":"https:\/\/roadtocinema.paris\/index.php\/wp-json\/wp\/v2\/posts\/5562\/revisions\/5566"}],"wp:featuredmedia":[{"embeddable":true,"href":"https:\/\/roadtocinema.paris\/index.php\/wp-json\/wp\/v2\/media\/5564"}],"wp:attachment":[{"href":"https:\/\/roadtocinema.paris\/index.php\/wp-json\/wp\/v2\/media?parent=5562"}],"wp:term":[{"taxonomy":"category","embeddable":true,"href":"https:\/\/roadtocinema.paris\/index.php\/wp-json\/wp\/v2\/categories?post=5562"},{"taxonomy":"post_tag","embeddable":true,"href":"https:\/\/roadtocinema.paris\/index.php\/wp-json\/wp\/v2\/tags?post=5562"}],"curies":[{"name":"wp","href":"https:\/\/api.w.org\/{rel}","templated":true}]}}