{"id":5648,"date":"2021-04-18T17:06:00","date_gmt":"2021-04-18T15:06:00","guid":{"rendered":"https:\/\/roadtocinema.paris\/?p=5648"},"modified":"2026-01-18T21:47:24","modified_gmt":"2026-01-18T20:47:24","slug":"notre-rencontre-avec-la-comedienne-et-realisatrice-florence-fauquet","status":"publish","type":"post","link":"https:\/\/roadtocinema.paris\/index.php\/2021\/04\/18\/notre-rencontre-avec-la-comedienne-et-realisatrice-florence-fauquet\/","title":{"rendered":"Notre rencontre avec la com\u00e9dienne et r\u00e9alisatrice Florence Fauquet"},"content":{"rendered":"\n<p>Nous avions d\u00e9j\u00e0 fait une interview avec Florence Fauquet, lors du Mobile Film Festival 2020, pour son court-m\u00e9trage\u00a0<a href=\"https:\/\/www.instagram.com\/explore\/tags\/freethenipples\/\">#FreeTheNipples<\/a>, qui avait remport\u00e9 le Prix Coup de Coeur du jury.<\/p>\n\n\n\n<p>Florence nous explique l&rsquo;importance des formations qu&rsquo;elle a suivi aux cours Florent et \u00e0 l&rsquo;\u00e9cole Kourtrajm\u00e9. Ces \u00e9coles lui ont permis de rencontrer ses amis et coll\u00e8gues avec qui elle travaille toujours. Elle nous parle \u00e9galement de ses projets \u00e0 venir et nous donne quelques conseils pour d\u00e9buter en tant que com\u00e9dienne et r\u00e9alisatrice.<\/p>\n\n\n\n<figure class=\"wp-block-embed aligncenter is-type-video is-provider-youtube wp-block-embed-youtube wp-embed-aspect-16-9 wp-has-aspect-ratio\"><div class=\"wp-block-embed__wrapper\">\n<div class=\"youtube-embed\" data-video_id=\"DVTpQPHqR38\"><iframe loading=\"lazy\" title=\"FLORENCE FAUQUET NOUS PARLE DE SES M\u00c9TIERS DE COM\u00c9DIENNE ET R\u00c9ALISATRICE\" width=\"696\" height=\"392\" src=\"https:\/\/www.youtube.com\/embed\/DVTpQPHqR38?feature=oembed&#038;enablejsapi=1\" frameborder=\"0\" allow=\"accelerometer; autoplay; clipboard-write; encrypted-media; gyroscope; picture-in-picture\" allowfullscreen><\/iframe><\/div>\n<\/div><\/figure>\n","protected":false},"excerpt":{"rendered":"<p>Nous avions d\u00e9j\u00e0 fait une interview avec Florence Fauquet, lors du Mobile Film Festival 2020, pour son court-m\u00e9trage\u00a0#FreeTheNipples, qui avait remport\u00e9 le Prix Coup de Coeur du jury. Florence nous explique l&rsquo;importance des formations qu&rsquo;elle a suivi aux cours Florent et \u00e0 l&rsquo;\u00e9cole Kourtrajm\u00e9. Ces \u00e9coles lui ont permis de rencontrer ses amis et coll\u00e8gues [&hellip;]<\/p>\n","protected":false},"author":1,"featured_media":5649,"comment_status":"open","ping_status":"open","sticky":false,"template":"","format":"standard","meta":{"tdm_status":"","tdm_grid_status":"","footnotes":""},"categories":[2130,2131],"tags":[243,238,64,425,63],"class_list":{"0":"post-5648","1":"post","2":"type-post","3":"status-publish","4":"format-standard","5":"has-post-thumbnail","7":"category-nos-interviews","8":"category-nos-rencontres","9":"tag-comedienne","10":"tag-court-metrage","11":"tag-film","12":"tag-florence-fauquet","13":"tag-realisatrice"},"aioseo_notices":[],"_links":{"self":[{"href":"https:\/\/roadtocinema.paris\/index.php\/wp-json\/wp\/v2\/posts\/5648","targetHints":{"allow":["GET"]}}],"collection":[{"href":"https:\/\/roadtocinema.paris\/index.php\/wp-json\/wp\/v2\/posts"}],"about":[{"href":"https:\/\/roadtocinema.paris\/index.php\/wp-json\/wp\/v2\/types\/post"}],"author":[{"embeddable":true,"href":"https:\/\/roadtocinema.paris\/index.php\/wp-json\/wp\/v2\/users\/1"}],"replies":[{"embeddable":true,"href":"https:\/\/roadtocinema.paris\/index.php\/wp-json\/wp\/v2\/comments?post=5648"}],"version-history":[{"count":1,"href":"https:\/\/roadtocinema.paris\/index.php\/wp-json\/wp\/v2\/posts\/5648\/revisions"}],"predecessor-version":[{"id":5650,"href":"https:\/\/roadtocinema.paris\/index.php\/wp-json\/wp\/v2\/posts\/5648\/revisions\/5650"}],"wp:featuredmedia":[{"embeddable":true,"href":"https:\/\/roadtocinema.paris\/index.php\/wp-json\/wp\/v2\/media\/5649"}],"wp:attachment":[{"href":"https:\/\/roadtocinema.paris\/index.php\/wp-json\/wp\/v2\/media?parent=5648"}],"wp:term":[{"taxonomy":"category","embeddable":true,"href":"https:\/\/roadtocinema.paris\/index.php\/wp-json\/wp\/v2\/categories?post=5648"},{"taxonomy":"post_tag","embeddable":true,"href":"https:\/\/roadtocinema.paris\/index.php\/wp-json\/wp\/v2\/tags?post=5648"}],"curies":[{"name":"wp","href":"https:\/\/api.w.org\/{rel}","templated":true}]}}