{"id":5671,"date":"2021-06-13T18:48:00","date_gmt":"2021-06-13T16:48:00","guid":{"rendered":"https:\/\/roadtocinema.paris\/?p=5671"},"modified":"2026-01-18T21:46:27","modified_gmt":"2026-01-18T20:46:27","slug":"de-la-danse-a-la-comedie-le-portrait-demmanuelle-bouaziz","status":"publish","type":"post","link":"https:\/\/roadtocinema.paris\/index.php\/2021\/06\/13\/de-la-danse-a-la-comedie-le-portrait-demmanuelle-bouaziz\/","title":{"rendered":"De la danse \u00e0 la com\u00e9die, le portrait d&rsquo;Emmanuelle Bouaziz"},"content":{"rendered":"\n<p>Cette fois-ci, nous sommes all\u00e9es \u00e0 la rencontre de la danseuse et actrice, <strong>Emmanuelle Bouaziz<\/strong>.<\/p>\n\n\n\n<p>Elle nous parle de son r\u00eave d&rsquo;enfant de devenir danseuse \u00e9toile, de l&rsquo;aventure qui l&rsquo;a men\u00e9 en Cor\u00e9e du Sud pour danser <em>Rom\u00e9o et Juliette<\/em>, de sa formation de com\u00e9dienne en France et en Angleterre qui lui a permis de confirmer sa passion des planches, mais aussi de la sc\u00e8ne &#8211; celle d&rsquo;Avignon notamment o\u00f9 elle interpr\u00e8tera Clarisse dans la pi\u00e8ce <em>L\u2019Adieu \u00e0 la sc\u00e8ne<\/em>, mise-en-sc\u00e8ne par <strong>Sophie Gubri <\/strong>et \u00e9crite par <strong>Jacques Forgeas<\/strong>.<\/p>\n\n\n\n<p>Emmanuelle nous raconte aussi sa d\u00e9termination et de sa rigueur venue de la danse tr\u00e8s certainement et quelque part de son \u00e9ducation. Elle confirmera enfin qu&rsquo;il faut se battre chaque jour et se faire confiance \u00e0 soi et \u00e0 son instinct.<\/p>\n\n\n\n<figure class=\"wp-block-embed aligncenter is-type-video is-provider-youtube wp-block-embed-youtube wp-embed-aspect-16-9 wp-has-aspect-ratio\"><div class=\"wp-block-embed__wrapper\">\n<div class=\"youtube-embed\" data-video_id=\"4WBJEBaJlyU\"><iframe loading=\"lazy\" title=\"DE LA DANSE \u00c0 LA COM\u00c9DIE, LE PORTRAIT D&#039;EMMANUELLE BOUAZIZ\" width=\"696\" height=\"392\" src=\"https:\/\/www.youtube.com\/embed\/4WBJEBaJlyU?feature=oembed&#038;enablejsapi=1\" frameborder=\"0\" allow=\"accelerometer; autoplay; clipboard-write; encrypted-media; gyroscope; picture-in-picture\" allowfullscreen><\/iframe><\/div>\n<\/div><\/figure>\n","protected":false},"excerpt":{"rendered":"<p>Cette fois-ci, nous sommes all\u00e9es \u00e0 la rencontre de la danseuse et actrice, Emmanuelle Bouaziz. Elle nous parle de son r\u00eave d&rsquo;enfant de devenir danseuse \u00e9toile, de l&rsquo;aventure qui l&rsquo;a men\u00e9 en Cor\u00e9e du Sud pour danser Rom\u00e9o et Juliette, de sa formation de com\u00e9dienne en France et en Angleterre qui lui a permis de [&hellip;]<\/p>\n","protected":false},"author":1,"featured_media":5672,"comment_status":"open","ping_status":"open","sticky":false,"template":"","format":"standard","meta":{"tdm_status":"","tdm_grid_status":"","footnotes":""},"categories":[2130,2131],"tags":[343,19,446,64],"class_list":{"0":"post-5671","1":"post","2":"type-post","3":"status-publish","4":"format-standard","5":"has-post-thumbnail","7":"category-nos-interviews","8":"category-nos-rencontres","9":"tag-actrice","10":"tag-cinema","11":"tag-emmanuelle-bouaziz","12":"tag-film"},"aioseo_notices":[],"_links":{"self":[{"href":"https:\/\/roadtocinema.paris\/index.php\/wp-json\/wp\/v2\/posts\/5671","targetHints":{"allow":["GET"]}}],"collection":[{"href":"https:\/\/roadtocinema.paris\/index.php\/wp-json\/wp\/v2\/posts"}],"about":[{"href":"https:\/\/roadtocinema.paris\/index.php\/wp-json\/wp\/v2\/types\/post"}],"author":[{"embeddable":true,"href":"https:\/\/roadtocinema.paris\/index.php\/wp-json\/wp\/v2\/users\/1"}],"replies":[{"embeddable":true,"href":"https:\/\/roadtocinema.paris\/index.php\/wp-json\/wp\/v2\/comments?post=5671"}],"version-history":[{"count":1,"href":"https:\/\/roadtocinema.paris\/index.php\/wp-json\/wp\/v2\/posts\/5671\/revisions"}],"predecessor-version":[{"id":5673,"href":"https:\/\/roadtocinema.paris\/index.php\/wp-json\/wp\/v2\/posts\/5671\/revisions\/5673"}],"wp:featuredmedia":[{"embeddable":true,"href":"https:\/\/roadtocinema.paris\/index.php\/wp-json\/wp\/v2\/media\/5672"}],"wp:attachment":[{"href":"https:\/\/roadtocinema.paris\/index.php\/wp-json\/wp\/v2\/media?parent=5671"}],"wp:term":[{"taxonomy":"category","embeddable":true,"href":"https:\/\/roadtocinema.paris\/index.php\/wp-json\/wp\/v2\/categories?post=5671"},{"taxonomy":"post_tag","embeddable":true,"href":"https:\/\/roadtocinema.paris\/index.php\/wp-json\/wp\/v2\/tags?post=5671"}],"curies":[{"name":"wp","href":"https:\/\/api.w.org\/{rel}","templated":true}]}}