{"id":5702,"date":"2021-06-30T16:00:00","date_gmt":"2021-06-30T14:00:00","guid":{"rendered":"https:\/\/roadtocinema.paris\/?p=5702"},"modified":"2021-07-26T23:25:12","modified_gmt":"2021-07-26T21:25:12","slug":"lacteur-et-jure-du-prix-emergence-romain-brau-au-festival-plurielles","status":"publish","type":"post","link":"https:\/\/roadtocinema.paris\/index.php\/2021\/06\/30\/lacteur-et-jure-du-prix-emergence-romain-brau-au-festival-plurielles\/","title":{"rendered":"L&rsquo;acteur et jur\u00e9 du Prix \u00c9mergence, Romain Brau, au Festival Plurielles"},"content":{"rendered":"\n<p>La 4\u00e8me \u00e9dition du Festival Plurielles s&rsquo;est d\u00e9roul\u00e9e du 11 au 19 juin 2021, au cin\u00e9ma Majestic de Compi\u00e8gne. Depuis sa cr\u00e9ation en 2018, le festival Plurielles ne cesse d&rsquo;\u00e9voluer et de grandir, int\u00e9grant cette ann\u00e9e les documentaires et courts m\u00e9trages \u00e0 la comp\u00e9tition officielle.<\/p>\n\n\n\n<p>Nous avons eu la chance de rencontrer l&rsquo;acteur <strong>Romain Brau<\/strong>, faisant cette ann\u00e9e partie du Jury \u00c9mergence.<\/p>\n\n\n\n<figure class=\"wp-block-embed aligncenter is-type-video is-provider-youtube wp-block-embed-youtube wp-embed-aspect-16-9 wp-has-aspect-ratio\"><div class=\"wp-block-embed__wrapper\">\n<div class=\"youtube-embed\" data-video_id=\"RGl3laTqnus\"><iframe loading=\"lazy\" title=\"L&#039;ACTEUR ET JUR\u00c9 DU PRIX \u00c9MERGENCE, ROMAIN BRAU, AU FESTIVAL PLURIELLES\" width=\"696\" height=\"392\" src=\"https:\/\/www.youtube.com\/embed\/RGl3laTqnus?start=26&#038;feature=oembed\" frameborder=\"0\" allow=\"accelerometer; autoplay; clipboard-write; encrypted-media; gyroscope; picture-in-picture\" allowfullscreen><\/iframe><\/div>\n<\/div><\/figure>\n\n\n\n<p><strong>Photographe : Matthieu Camille Colin\u00a0<a href=\"https:\/\/www.instagram.com\/matthieu_camille_colin79\/?hl=fr\">@<strong>matthieu_camille_colin79<\/strong><\/a><\/strong>,\u00a0<strong><strong>juin 2021, Festival Plurielles pour Road to Cinema<\/strong><\/strong><\/p>\n","protected":false},"excerpt":{"rendered":"<p>La 4\u00e8me \u00e9dition du Festival Plurielles s&rsquo;est d\u00e9roul\u00e9e du 11 au 19 juin 2021, au cin\u00e9ma Majestic de Compi\u00e8gne. Depuis sa cr\u00e9ation en 2018, le festival Plurielles ne cesse d&rsquo;\u00e9voluer et de grandir, int\u00e9grant cette ann\u00e9e les documentaires et courts m\u00e9trages \u00e0 la comp\u00e9tition officielle. Nous avons eu la chance de rencontrer l&rsquo;acteur Romain Brau, [&hellip;]<\/p>\n","protected":false},"author":1,"featured_media":5706,"comment_status":"open","ping_status":"open","sticky":false,"template":"","format":"standard","meta":{"tdm_status":"","tdm_grid_status":"","footnotes":""},"categories":[413,145],"tags":[371,397,462],"class_list":{"0":"post-5702","1":"post","2":"type-post","3":"status-publish","4":"format-standard","5":"has-post-thumbnail","7":"category-festival-plurielles","8":"category-nos-partenariats","9":"tag-acteur","10":"tag-festival-plurielles","11":"tag-romain-brau"},"aioseo_notices":[],"_links":{"self":[{"href":"https:\/\/roadtocinema.paris\/index.php\/wp-json\/wp\/v2\/posts\/5702","targetHints":{"allow":["GET"]}}],"collection":[{"href":"https:\/\/roadtocinema.paris\/index.php\/wp-json\/wp\/v2\/posts"}],"about":[{"href":"https:\/\/roadtocinema.paris\/index.php\/wp-json\/wp\/v2\/types\/post"}],"author":[{"embeddable":true,"href":"https:\/\/roadtocinema.paris\/index.php\/wp-json\/wp\/v2\/users\/1"}],"replies":[{"embeddable":true,"href":"https:\/\/roadtocinema.paris\/index.php\/wp-json\/wp\/v2\/comments?post=5702"}],"version-history":[{"count":3,"href":"https:\/\/roadtocinema.paris\/index.php\/wp-json\/wp\/v2\/posts\/5702\/revisions"}],"predecessor-version":[{"id":5707,"href":"https:\/\/roadtocinema.paris\/index.php\/wp-json\/wp\/v2\/posts\/5702\/revisions\/5707"}],"wp:featuredmedia":[{"embeddable":true,"href":"https:\/\/roadtocinema.paris\/index.php\/wp-json\/wp\/v2\/media\/5706"}],"wp:attachment":[{"href":"https:\/\/roadtocinema.paris\/index.php\/wp-json\/wp\/v2\/media?parent=5702"}],"wp:term":[{"taxonomy":"category","embeddable":true,"href":"https:\/\/roadtocinema.paris\/index.php\/wp-json\/wp\/v2\/categories?post=5702"},{"taxonomy":"post_tag","embeddable":true,"href":"https:\/\/roadtocinema.paris\/index.php\/wp-json\/wp\/v2\/tags?post=5702"}],"curies":[{"name":"wp","href":"https:\/\/api.w.org\/{rel}","templated":true}]}}