{"id":5720,"date":"2021-07-16T12:00:00","date_gmt":"2021-07-16T10:00:00","guid":{"rendered":"https:\/\/roadtocinema.paris\/?p=5720"},"modified":"2021-07-26T23:50:01","modified_gmt":"2021-07-26T21:50:01","slug":"india-hair-actrice-dans-le-1er-film-de-sandrine-kiberlain","status":"publish","type":"post","link":"https:\/\/roadtocinema.paris\/index.php\/2021\/07\/16\/india-hair-actrice-dans-le-1er-film-de-sandrine-kiberlain\/","title":{"rendered":"India Hair, actrice dans le 1er film de Sandrine Kiberlain"},"content":{"rendered":"\n<p>L\u2019\u00e9quipe de Road to Cinema a l\u2019immense bonheur de vous pr\u00e9senter une s\u00e9lection de rencontres in\u00e9dites, toutes aussi passionnantes les unes que autres lors de ce <strong>74\u00e8me Festival de Cannes<\/strong> !<\/p>\n\n\n\n<p>R\u00e9alisateurs, acteurs, monteurs ou encore compositeurs de musique de film, d\u00e9couvrez des r\u00e9cits aussi bouleversant qu\u2019enrichissant sur cette industrie qui fascine.<\/p>\n\n\n\n<p>Pour ce premier num\u00e9ro, Cl\u00e9mentine accueille l\u2019actrice <strong>India Hair<\/strong> sur le rooftop de <strong>l&rsquo;h\u00f4tel<\/strong> <strong>Five<\/strong>. Un moment unique et convivial o\u00f9 les deux jeunes femmes \u00e9changent sur <em><strong>Une jeune fille qui va bien<\/strong><\/em>, le 1er long m\u00e9trage de l\u2019actrice, et aujourd\u2019hui r\u00e9alisatrice, <strong>Sandrine Kiberlain<\/strong>, pr\u00e9sent\u00e9 \u00e0 la <strong>Semaine Internationale de la Critique au Festival de Cannes 2021.<\/strong><\/p>\n\n\n\n<p>Pr\u00e9destin\u00e9e \u00e0 une carri\u00e8re de com\u00e9dienne sur les planches, India encha\u00eene les r\u00f4les au grand \u00e9cran depuis le d\u00e9but de l\u2019ann\u00e9e. Le public a donc eu la chance de la d\u00e9couvrir \u00e0 travers la com\u00e9die dramatique d\u00e9lur\u00e9e <strong><em>Mandibules<\/em><\/strong>, de <strong>Quentin Dupieux<\/strong> et dans <em><strong>Poissonsexe<\/strong><\/em> de <strong>Olivier Babinet<\/strong> qui lui aura valut une nomination pour le <strong>C\u00e9sar du Meilleur Espoir F\u00e9minin.<\/strong><\/p>\n\n\n\n<figure class=\"wp-block-embed aligncenter is-type-video is-provider-youtube wp-block-embed-youtube wp-embed-aspect-16-9 wp-has-aspect-ratio\"><div class=\"wp-block-embed__wrapper\">\n<div class=\"youtube-embed\" data-video_id=\"g9OmOS9fBao\"><iframe loading=\"lazy\" title=\"INDIA HAIR, ACTRICE DANS LE 1ER FILM DE SANDRINE KIBERLAIN\" width=\"696\" height=\"392\" src=\"https:\/\/www.youtube.com\/embed\/g9OmOS9fBao?feature=oembed&#038;enablejsapi=1\" frameborder=\"0\" allow=\"accelerometer; autoplay; clipboard-write; encrypted-media; gyroscope; picture-in-picture\" allowfullscreen><\/iframe><\/div>\n<\/div><\/figure>\n","protected":false},"excerpt":{"rendered":"<p>L\u2019\u00e9quipe de Road to Cinema a l\u2019immense bonheur de vous pr\u00e9senter une s\u00e9lection de rencontres in\u00e9dites, toutes aussi passionnantes les unes que autres lors de ce 74\u00e8me Festival de Cannes ! R\u00e9alisateurs, acteurs, monteurs ou encore compositeurs de musique de film, d\u00e9couvrez des r\u00e9cits aussi bouleversant qu\u2019enrichissant sur cette industrie qui fascine. Pour ce premier [&hellip;]<\/p>\n","protected":false},"author":1,"featured_media":5721,"comment_status":"open","ping_status":"open","sticky":false,"template":"","format":"standard","meta":{"tdm_status":"","tdm_grid_status":"","footnotes":""},"categories":[11,145],"tags":[343,95,472,474,473],"class_list":{"0":"post-5720","1":"post","2":"type-post","3":"status-publish","4":"format-standard","5":"has-post-thumbnail","7":"category-festival-de-cannes","8":"category-nos-partenariats","9":"tag-actrice","10":"tag-festival-de-cannes","11":"tag-india-hair","12":"tag-semaine-internationale-de-la-critique","13":"tag-une-jeune-fille-qui-va-bien"},"aioseo_notices":[],"_links":{"self":[{"href":"https:\/\/roadtocinema.paris\/index.php\/wp-json\/wp\/v2\/posts\/5720","targetHints":{"allow":["GET"]}}],"collection":[{"href":"https:\/\/roadtocinema.paris\/index.php\/wp-json\/wp\/v2\/posts"}],"about":[{"href":"https:\/\/roadtocinema.paris\/index.php\/wp-json\/wp\/v2\/types\/post"}],"author":[{"embeddable":true,"href":"https:\/\/roadtocinema.paris\/index.php\/wp-json\/wp\/v2\/users\/1"}],"replies":[{"embeddable":true,"href":"https:\/\/roadtocinema.paris\/index.php\/wp-json\/wp\/v2\/comments?post=5720"}],"version-history":[{"count":1,"href":"https:\/\/roadtocinema.paris\/index.php\/wp-json\/wp\/v2\/posts\/5720\/revisions"}],"predecessor-version":[{"id":5722,"href":"https:\/\/roadtocinema.paris\/index.php\/wp-json\/wp\/v2\/posts\/5720\/revisions\/5722"}],"wp:featuredmedia":[{"embeddable":true,"href":"https:\/\/roadtocinema.paris\/index.php\/wp-json\/wp\/v2\/media\/5721"}],"wp:attachment":[{"href":"https:\/\/roadtocinema.paris\/index.php\/wp-json\/wp\/v2\/media?parent=5720"}],"wp:term":[{"taxonomy":"category","embeddable":true,"href":"https:\/\/roadtocinema.paris\/index.php\/wp-json\/wp\/v2\/categories?post=5720"},{"taxonomy":"post_tag","embeddable":true,"href":"https:\/\/roadtocinema.paris\/index.php\/wp-json\/wp\/v2\/tags?post=5720"}],"curies":[{"name":"wp","href":"https:\/\/api.w.org\/{rel}","templated":true}]}}