{"id":5768,"date":"2021-07-28T21:11:08","date_gmt":"2021-07-28T19:11:08","guid":{"rendered":"https:\/\/roadtocinema.paris\/?p=5768"},"modified":"2021-07-30T12:30:23","modified_gmt":"2021-07-30T10:30:23","slug":"lacteur-international-jimmy-jean-louis-met-a-lhonneur-les-centres-gheskio-lors-du-festival-de-cannes","status":"publish","type":"post","link":"https:\/\/roadtocinema.paris\/index.php\/2021\/07\/28\/lacteur-international-jimmy-jean-louis-met-a-lhonneur-les-centres-gheskio-lors-du-festival-de-cannes\/","title":{"rendered":"L&rsquo;acteur international Jimmy Jean-Louis met \u00e0 l&rsquo;honneur les centres Gheskio lors du Festival de Cannes"},"content":{"rendered":"\n<p><em>Rendu c\u00e9l\u00e8bre gr\u00e2ce \u00e0 la s\u00e9rie am\u00e9ricaine Heroes, l&rsquo;\u00e9quipe de Road to Cinema a d\u00e9cid\u00e9 de partir \u00e0 la rencontre du c\u00e9l\u00e8bre et attachant Jimmy Jean-Louis pour prendre de ses nouvelles et connaitre les raisons de sa pr\u00e9sence \u00e0 Cannes.<\/em><\/p>\n\n\n\n<h2 class=\"wp-block-heading\">\u00catre \u00e0 Cannes pour des raisons nobles<\/h2>\n\n\n\n<p>Alors qu&rsquo;il d\u00e9barque fra\u00eechement de son dernier tournage en <strong>Martinique<\/strong> pour la s\u00e9rie \u00ab <strong><em>Tropiques criminels<\/em><\/strong> \u00bb d\u00e9di\u00e9e \u00e0 <strong>France 2<\/strong>&nbsp;aux c\u00f4t\u00e9s de l\u2019actrice <strong><em>Sonia Rolland<\/em><\/strong>, l&rsquo;\u00e9quipe de <strong>Road to Cinema<\/strong> n&rsquo;a manqu\u00e9 une seconde pour donner rendez-vous \u00e0 Jimmy Jean-Louis&nbsp;dans l\u2019un des bars de la plage les plus cools et hupp\u00e9s de la Croisette afin d\u2019\u00e9changer ensemble sur son incroyable parcours d\u2019acteur o\u00f9 il n\u2019a jamais cess\u00e9 de jouer entre les <strong>\u00c9tats-Unis<\/strong>, l\u2019<strong>Europe<\/strong> et le continent <strong>Africain<\/strong>.<\/p>\n\n\n\n<p>Mais si <strong>Jimmy Jean-Louis<\/strong> est Cannes cette ann\u00e9e, ce n&rsquo;est pas un hasard car il r\u00e9alise un documentaire sur cette \u00e9dition cannoise intitul\u00e9e \u00ab&nbsp;<strong><em>Jimmy goes to Cannes<\/em><\/strong>&nbsp;\u00bb. Dans ce chaleureux rendez-vous film\u00e9, anim\u00e9 par Cl\u00e9mentine Abadie, r\u00e9alis\u00e9 par L\u00e9a Vu et produit par Daphn\u00e9, Jimmy nous raconte \u00e9galement sa mission d&rsquo;ambassadeur aupr\u00e8s des centres <strong><em>Gheskio<\/em><\/strong>, un organisme pr\u00e9sent \u00e0 Cannes&nbsp;qui lutte contre les maladies infectieuses \u00e0 Ha\u00efti&#8230;<\/p>\n\n\n\n<figure class=\"wp-block-embed is-type-video is-provider-youtube wp-block-embed-youtube wp-embed-aspect-16-9 wp-has-aspect-ratio\"><div class=\"wp-block-embed__wrapper\">\n<iframe loading=\"lazy\" title=\"L&#039;ACTEUR JIMMY JEAN-LOUIS AU FESTIVAL DE CANNES\" width=\"696\" height=\"392\" src=\"https:\/\/www.youtube.com\/embed\/3ktG544QcC0?feature=oembed\" frameborder=\"0\" allow=\"accelerometer; autoplay; clipboard-write; encrypted-media; gyroscope; picture-in-picture\" allowfullscreen><\/iframe>\n<\/div><\/figure>\n","protected":false},"excerpt":{"rendered":"<p>Rendu c\u00e9l\u00e8bre gr\u00e2ce \u00e0 la s\u00e9rie am\u00e9ricaine Heroes, l&rsquo;\u00e9quipe de Road to Cinema a d\u00e9cid\u00e9 de partir \u00e0 la rencontre du c\u00e9l\u00e8bre et attachant Jimmy Jean-Louis pour prendre de ses nouvelles et connaitre les raisons de sa pr\u00e9sence \u00e0 Cannes. \u00catre \u00e0 Cannes pour des raisons nobles Alors qu&rsquo;il d\u00e9barque fra\u00eechement de son dernier tournage [&hellip;]<\/p>\n","protected":false},"author":2,"featured_media":5769,"comment_status":"open","ping_status":"open","sticky":false,"template":"","format":"standard","meta":{"tdm_status":"","tdm_grid_status":"","footnotes":""},"categories":[11,145],"tags":[95,494,493],"class_list":{"0":"post-5768","1":"post","2":"type-post","3":"status-publish","4":"format-standard","5":"has-post-thumbnail","7":"category-festival-de-cannes","8":"category-nos-partenariats","9":"tag-festival-de-cannes","10":"tag-gheskio","11":"tag-jimmy-jean-louis"},"aioseo_notices":[],"_links":{"self":[{"href":"https:\/\/roadtocinema.paris\/index.php\/wp-json\/wp\/v2\/posts\/5768","targetHints":{"allow":["GET"]}}],"collection":[{"href":"https:\/\/roadtocinema.paris\/index.php\/wp-json\/wp\/v2\/posts"}],"about":[{"href":"https:\/\/roadtocinema.paris\/index.php\/wp-json\/wp\/v2\/types\/post"}],"author":[{"embeddable":true,"href":"https:\/\/roadtocinema.paris\/index.php\/wp-json\/wp\/v2\/users\/2"}],"replies":[{"embeddable":true,"href":"https:\/\/roadtocinema.paris\/index.php\/wp-json\/wp\/v2\/comments?post=5768"}],"version-history":[{"count":2,"href":"https:\/\/roadtocinema.paris\/index.php\/wp-json\/wp\/v2\/posts\/5768\/revisions"}],"predecessor-version":[{"id":5791,"href":"https:\/\/roadtocinema.paris\/index.php\/wp-json\/wp\/v2\/posts\/5768\/revisions\/5791"}],"wp:featuredmedia":[{"embeddable":true,"href":"https:\/\/roadtocinema.paris\/index.php\/wp-json\/wp\/v2\/media\/5769"}],"wp:attachment":[{"href":"https:\/\/roadtocinema.paris\/index.php\/wp-json\/wp\/v2\/media?parent=5768"}],"wp:term":[{"taxonomy":"category","embeddable":true,"href":"https:\/\/roadtocinema.paris\/index.php\/wp-json\/wp\/v2\/categories?post=5768"},{"taxonomy":"post_tag","embeddable":true,"href":"https:\/\/roadtocinema.paris\/index.php\/wp-json\/wp\/v2\/tags?post=5768"}],"curies":[{"name":"wp","href":"https:\/\/api.w.org\/{rel}","templated":true}]}}