{"id":5870,"date":"2021-09-14T11:32:00","date_gmt":"2021-09-14T09:32:00","guid":{"rendered":"https:\/\/roadtocinema.paris\/?p=5870"},"modified":"2026-01-18T21:45:37","modified_gmt":"2026-01-18T20:45:37","slug":"prix-alice-guy-2021-maimouna-doucoure-est-laureate-grace-a-son-film-sur-lhypersexualisation-des-jeunes-ados","status":"publish","type":"post","link":"https:\/\/roadtocinema.paris\/index.php\/2021\/09\/14\/prix-alice-guy-2021-maimouna-doucoure-est-laureate-grace-a-son-film-sur-lhypersexualisation-des-jeunes-ados\/","title":{"rendered":"Prix Alice Guy 2021 : Ma\u00efmouna Doucour\u00e9 est laur\u00e9ate gr\u00e2ce \u00e0 son film sur l&rsquo;hypersexualisation des jeunes ados"},"content":{"rendered":"\n<p><em>Pour cette rentr\u00e9e de septembre 2021, l&rsquo;\u00e9quipe de Road to Cinema \u00e9tait convi\u00e9e \u00e0 la remise du <a href=\"https:\/\/roadtocinema.paris\/index.php\/2021\/09\/13\/prix-alice-guy-rencontre-avec-veronique-le-bris-la-journaliste-et-auteure-qui-remet-de-lordre-dans-lhistoire-du-7eme-art\/\">Prix Alice Guy<\/a> 2021. L&rsquo;occasion d&rsquo;interviewer la laur\u00e9ate de ce bel \u00e9v\u00e8nement<\/em> : <em>Ma\u00efmouna Doucour\u00e9.<\/em><\/p>\n\n\n\n<h2 class=\"wp-block-heading\">Mignonnes : Un film bouleversant<\/h2>\n\n\n\n<p>L\u2019histoire raconte celle d\u2019Amy, 11 ans, qui rencontre un groupe de danseuses appel\u00e9 : \u00ab Les Mignonnes \u00bb. Fascin\u00e9e, elle s\u2019initie \u00e0 une danse sensuelle, dans l\u2019espoir d\u2019int\u00e9grer leur bande et de fuir un bouleversement familial&#8230; Ma\u00efmouna Doucour\u00e9 nous en parle !<br><\/p>\n\n\n\n<figure class=\"wp-block-embed is-type-video is-provider-youtube wp-block-embed-youtube wp-embed-aspect-16-9 wp-has-aspect-ratio\"><div class=\"wp-block-embed__wrapper\">\n<div class=\"youtube-embed\" data-video_id=\"yjrckYl0_yM\"><iframe loading=\"lazy\" title=\"LA LAUR\u00c9ATE DU PRIX ALICE GUY 2021 : MA\u00cfMOUNA DOUCOUR\u00c9 &amp; SON FILM &quot;MIGNONNES&quot;\" width=\"696\" height=\"392\" src=\"https:\/\/www.youtube.com\/embed\/yjrckYl0_yM?start=42&#038;feature=oembed\" frameborder=\"0\" allow=\"accelerometer; autoplay; clipboard-write; encrypted-media; gyroscope; picture-in-picture\" allowfullscreen><\/iframe><\/div>\n<\/div><\/figure>\n\n\n\n<p><\/p>\n\n\n\n<p>Le film a d&rsquo;ailleurs \u00e9t\u00e9 r\u00e9compens\u00e9 au Sundance \u00e0 New York et a re\u00e7u le <a href=\"https:\/\/roadtocinema.paris\/index.php\/2021\/03\/13\/cesar-2021-qui-sont-les-cesarises-de-cette-nouvelle-annee\/\">C\u00e9sar du Meilleur Espoir F\u00e9minin<\/a> gr\u00e2ce \u00e0 l&rsquo;interpr\u00e9tation de <strong>Fathia Youssouf<\/strong>. <\/p>\n\n\n\n<h2 class=\"wp-block-heading\">Revivez les coulisses de la C\u00e9r\u00e9monie des C\u00e9sar avec Ma\u00efmouna Doucour\u00e9 et Fathia Youssouf<\/h2>\n\n\n\n<figure class=\"wp-block-embed is-type-video is-provider-youtube wp-block-embed-youtube wp-embed-aspect-16-9 wp-has-aspect-ratio\"><div class=\"wp-block-embed__wrapper\">\n<div class=\"youtube-embed\" data-video_id=\"JTZdlJs7Pdo\"><iframe loading=\"lazy\" title=\"L&#039;OUVERTURE DE LA 46\u00c8ME C\u00c9R\u00c9MONIE DES C\u00c9SAR\" width=\"696\" height=\"392\" src=\"https:\/\/www.youtube.com\/embed\/JTZdlJs7Pdo?feature=oembed&#038;enablejsapi=1\" frameborder=\"0\" allow=\"accelerometer; autoplay; clipboard-write; encrypted-media; gyroscope; picture-in-picture\" allowfullscreen><\/iframe><\/div>\n<\/div><\/figure>\n\n\n\n<h2 class=\"wp-block-heading\"><em>Pour compl\u00e9ter votre lecture<\/em> sur le Prix Alice Guy<\/h2>\n\n\n\n<figure class=\"wp-block-embed is-type-wp-embed is-provider-road-to-cinema wp-block-embed-road-to-cinema\"><div class=\"wp-block-embed__wrapper\">\n<blockquote class=\"wp-embedded-content\" data-secret=\"ptVJNNOycY\"><a href=\"https:\/\/roadtocinema.paris\/index.php\/2021\/09\/13\/prix-alice-guy-rencontre-avec-veronique-le-bris-la-journaliste-et-auteure-qui-remet-de-lordre-dans-lhistoire-du-7eme-art\/\">Prix Alice Guy : Rencontre avec V\u00e9ronique Le Bris, la journaliste et auteure qui remet de l&rsquo;ordre dans l&rsquo;histoire du 7\u00e8me art<\/a><\/blockquote><iframe loading=\"lazy\" class=\"wp-embedded-content\" sandbox=\"allow-scripts\" security=\"restricted\" style=\"position: absolute; clip: rect(1px, 1px, 1px, 1px);\" title=\"\u00ab\u00a0Prix Alice Guy : Rencontre avec V\u00e9ronique Le Bris, la journaliste et auteure qui remet de l&rsquo;ordre dans l&rsquo;histoire du 7\u00e8me art\u00a0\u00bb &#8212; Road to Cinema\" src=\"https:\/\/roadtocinema.paris\/index.php\/2021\/09\/13\/prix-alice-guy-rencontre-avec-veronique-le-bris-la-journaliste-et-auteure-qui-remet-de-lordre-dans-lhistoire-du-7eme-art\/embed\/#?secret=ptVJNNOycY\" data-secret=\"ptVJNNOycY\" width=\"600\" height=\"338\" frameborder=\"0\" marginwidth=\"0\" marginheight=\"0\" scrolling=\"no\"><\/iframe>\n<\/div><\/figure>\n\n\n\n<figure class=\"wp-block-embed is-type-wp-embed is-provider-road-to-cinema wp-block-embed-road-to-cinema\"><div class=\"wp-block-embed__wrapper\">\n<blockquote class=\"wp-embedded-content\" data-secret=\"6Z4VzECQyE\"><a href=\"https:\/\/roadtocinema.paris\/index.php\/2021\/06\/30\/100-grands-films-de-realisatrices-de-valerie-le-bris-au-festival-plurielles\/\">\u00ab\u00a0100 Grands films de r\u00e9alisatrices\u00a0\u00bb de V\u00e9ronique Le Bris au Festival Plurielles<\/a><\/blockquote><iframe loading=\"lazy\" class=\"wp-embedded-content\" sandbox=\"allow-scripts\" security=\"restricted\" style=\"position: absolute; clip: rect(1px, 1px, 1px, 1px);\" title=\"\u00ab\u00a0\u00ab\u00a0100 Grands films de r\u00e9alisatrices\u00a0\u00bb de V\u00e9ronique Le Bris au Festival Plurielles\u00a0\u00bb &#8212; Road to Cinema\" src=\"https:\/\/roadtocinema.paris\/index.php\/2021\/06\/30\/100-grands-films-de-realisatrices-de-valerie-le-bris-au-festival-plurielles\/embed\/#?secret=6Z4VzECQyE\" data-secret=\"6Z4VzECQyE\" width=\"600\" height=\"338\" frameborder=\"0\" marginwidth=\"0\" marginheight=\"0\" scrolling=\"no\"><\/iframe>\n<\/div><\/figure>\n\n\n\n<h2 class=\"wp-block-heading\"><em>Pour compl\u00e9ter votre lecture sur la C\u00e9r\u00e9monie des C\u00e9sar 2021<\/em><\/h2>\n\n\n\n<figure class=\"wp-block-embed is-type-wp-embed is-provider-road-to-cinema wp-block-embed-road-to-cinema\"><div class=\"wp-block-embed__wrapper\">\n<blockquote class=\"wp-embedded-content\" data-secret=\"jasffjdizG\"><a href=\"https:\/\/roadtocinema.paris\/index.php\/2021\/03\/13\/cesar-2021-qui-sont-les-cesarises-de-cette-nouvelle-annee\/\">C\u00e9sar 2021 : Qui sont les c\u00e9saris\u00e9s de cette nouvelle ann\u00e9e ?<\/a><\/blockquote><iframe loading=\"lazy\" class=\"wp-embedded-content\" sandbox=\"allow-scripts\" security=\"restricted\" style=\"position: absolute; clip: rect(1px, 1px, 1px, 1px);\" title=\"\u00ab\u00a0C\u00e9sar 2021 : Qui sont les c\u00e9saris\u00e9s de cette nouvelle ann\u00e9e ?\u00a0\u00bb &#8212; Road to Cinema\" src=\"https:\/\/roadtocinema.paris\/index.php\/2021\/03\/13\/cesar-2021-qui-sont-les-cesarises-de-cette-nouvelle-annee\/embed\/#?secret=jasffjdizG\" data-secret=\"jasffjdizG\" width=\"600\" height=\"338\" frameborder=\"0\" marginwidth=\"0\" marginheight=\"0\" scrolling=\"no\"><\/iframe>\n<\/div><\/figure>\n","protected":false},"excerpt":{"rendered":"<p>Pour cette rentr\u00e9e de septembre 2021, l&rsquo;\u00e9quipe de Road to Cinema \u00e9tait convi\u00e9e \u00e0 la remise du Prix Alice Guy 2021. L&rsquo;occasion d&rsquo;interviewer la laur\u00e9ate de ce bel \u00e9v\u00e8nement : Ma\u00efmouna Doucour\u00e9. Mignonnes : Un film bouleversant L\u2019histoire raconte celle d\u2019Amy, 11 ans, qui rencontre un groupe de danseuses appel\u00e9 : \u00ab Les Mignonnes \u00bb. [&hellip;]<\/p>\n","protected":false},"author":2,"featured_media":5875,"comment_status":"open","ping_status":"open","sticky":false,"template":"","format":"standard","meta":{"tdm_status":"","tdm_grid_status":"","footnotes":""},"categories":[2130,2131],"tags":[],"class_list":{"0":"post-5870","1":"post","2":"type-post","3":"status-publish","4":"format-standard","5":"has-post-thumbnail","7":"category-nos-interviews","8":"category-nos-rencontres"},"aioseo_notices":[],"_links":{"self":[{"href":"https:\/\/roadtocinema.paris\/index.php\/wp-json\/wp\/v2\/posts\/5870","targetHints":{"allow":["GET"]}}],"collection":[{"href":"https:\/\/roadtocinema.paris\/index.php\/wp-json\/wp\/v2\/posts"}],"about":[{"href":"https:\/\/roadtocinema.paris\/index.php\/wp-json\/wp\/v2\/types\/post"}],"author":[{"embeddable":true,"href":"https:\/\/roadtocinema.paris\/index.php\/wp-json\/wp\/v2\/users\/2"}],"replies":[{"embeddable":true,"href":"https:\/\/roadtocinema.paris\/index.php\/wp-json\/wp\/v2\/comments?post=5870"}],"version-history":[{"count":4,"href":"https:\/\/roadtocinema.paris\/index.php\/wp-json\/wp\/v2\/posts\/5870\/revisions"}],"predecessor-version":[{"id":5876,"href":"https:\/\/roadtocinema.paris\/index.php\/wp-json\/wp\/v2\/posts\/5870\/revisions\/5876"}],"wp:featuredmedia":[{"embeddable":true,"href":"https:\/\/roadtocinema.paris\/index.php\/wp-json\/wp\/v2\/media\/5875"}],"wp:attachment":[{"href":"https:\/\/roadtocinema.paris\/index.php\/wp-json\/wp\/v2\/media?parent=5870"}],"wp:term":[{"taxonomy":"category","embeddable":true,"href":"https:\/\/roadtocinema.paris\/index.php\/wp-json\/wp\/v2\/categories?post=5870"},{"taxonomy":"post_tag","embeddable":true,"href":"https:\/\/roadtocinema.paris\/index.php\/wp-json\/wp\/v2\/tags?post=5870"}],"curies":[{"name":"wp","href":"https:\/\/api.w.org\/{rel}","templated":true}]}}