{"id":6044,"date":"2021-11-11T12:00:00","date_gmt":"2021-11-11T11:00:00","guid":{"rendered":"https:\/\/roadtocinema.paris\/?p=6044"},"modified":"2026-01-18T20:06:47","modified_gmt":"2026-01-18T19:06:47","slug":"julie-depardieu-nous-raconte-lincroyable-histoire-de-misia-sert-elle-est-exposee-dans-les-plus-grands-musees-du-monde-et-aujourdhui-en-france-personne-ne-la-connait-vraiment","status":"publish","type":"post","link":"https:\/\/roadtocinema.paris\/index.php\/2021\/11\/11\/julie-depardieu-nous-raconte-lincroyable-histoire-de-misia-sert-elle-est-exposee-dans-les-plus-grands-musees-du-monde-et-aujourdhui-en-france-personne-ne-la-connait-vraiment\/","title":{"rendered":"Julie Depardieu nous raconte l&rsquo;incroyable histoire de Misia Sert"},"content":{"rendered":"\n<p><em>Ce jeudi 11 novembre 2021, \u00e0 l&rsquo;occasion du <strong>Festival Notes d&rsquo;Automne<\/strong>, qui se tient actuellement dans la ville du Perreux sur Marne en r\u00e9gion parisienne, <strong>Road to Cinema<\/strong> a eu l&rsquo;immense bonheur de s&rsquo;entretenir avec la com\u00e9dienne <strong>Julie Depardieu<\/strong> qui y jouera le fabuleux spectacle \u00ab\u00a0<a href=\"https:\/\/festivalnotesdautomne.fr\/misia-reine-de-paris\/\">Misia, Reine de Paris<\/a>\u00a0\u00bb <\/em><\/p>\n\n\n\n<p><strong>Bonjour Julie,<\/strong>&nbsp;<strong>comment allez-vous&nbsp;?<\/strong><br><br>Bonjour Cl\u00e9mentine, \u00e7a va tr\u00e8s bien !<\/p>\n\n\n\n<p><strong>Cet apr\u00e8s-midi, nous vous retrouvons sur sc\u00e8ne pour la <a href=\"https:\/\/festivalnotesdautomne.fr\/misia-reine-de-paris\/\">13\u00e8me \u00e9dition du Festival Notes d\u2019Automne<\/a>, o\u00f9 vous y jouer l\u2019\u0153uvre de Baptiste Rossi, un texte qui d\u00e9crit \u00e0 merveille la vie incroyable de \u00ab&nbsp;<a href=\"https:\/\/festivalnotesdautomne.fr\/misia-reine-de-paris\/\">Misia, Reine de Paris<\/a>&nbsp;\u00bb,&nbsp;en quoi est-ce important de continuer \u00e0 transmettre son histoire ?<\/strong><\/p>\n\n\n\n<p>La vie de Misia Sert est vraiment incroyable ! C&rsquo;est fou d&rsquo;imaginer comment cette petite femme avait dans son salon tous les personnages les plus int\u00e9ressants de son \u00e9poque\u2026 en peinture, en litt\u00e9rature, en musique, ils \u00e9taient tous l\u00e0 ! TOUS ! Elle avait avec eux des rapports v\u00e9ritablement intimes, amicaux&#8230; Elle a \u00e9t\u00e9 peinte par les plus grands peintres de son temps\u2026 Renoir, Bonnard, Vuillard, Toulouse Lautrec qui \u00e9videment \u00e9taient tous amoureux d&rsquo;elle ! Ce n\u2019\u00e9tait pas une \u00ab\u00a0cocotte\u00a0\u00bb, pas du tout ! C&rsquo;\u00e9tait une muse, une inspiratrice\u2026 Tr\u00e8s c\u00e9l\u00e8bre  \u00e0 son \u00e9poque\u2026 \u00e0 Paris au d\u00e9but du 20\u00e8me si\u00e8cle&#8230; Elle est expos\u00e9e dans les plus grands mus\u00e9es du monde et aujourd\u2019hui en France\u2026 personne ne la conna\u00eet vraiment&#8230; <strong>Juliette Hurel<\/strong> (fl\u00fbtiste), <strong>H\u00e9l\u00e8ne Couvert<\/strong> (pianiste) et moi m\u00eame voulons r\u00e9parer&nbsp;cet oubli !<\/p>\n\n\n\n<p><strong>Misia \u00e9tait donc une v\u00e9ritable muse pour de nombreux artistes brillants de son \u00e9poque. Satie lui d\u00e9die les Morceaux en forme de poire, Ravel, La Valse, Stravinsky lui offre une partition annot\u00e9e du Sacre du printemps, et j\u2019en passe ! C\u2019est quand m\u00eame dingue&nbsp;!&nbsp;Pourquoi \u00e9tait-elle si inspirante ?<\/strong><\/p>\n\n\n\n<p>C&rsquo;est ce qu&rsquo;on essaye de percer ! Le myst\u00e8re du charme de Misia\u2026 Car elle en avait du charme&#8230; \u00e7a c&rsquo;est sur&#8230; mais comme chacun sait, le charme est une qualit\u00e9 difficile \u00e0 saisir\u2026 Impossible \u00e0 d\u00e9finir&#8230; comme si vouloir l&rsquo;expliquer&#8230; C&rsquo;\u00e9tait \u00e0 coup s\u00fbr la manquer&#8230;&nbsp;Le charme est invisible comme la musique et les parfums&#8230;&nbsp;qu&rsquo;on ne peut ni voir ni toucher\u2026 Il n&rsquo;est rien mais il op\u00e8re\u2026&nbsp;C&rsquo;est pour \u00e7a qu\u2019on parle de Misia avec de la musique&#8230; en musique\u2026 celles de <strong>Faure<\/strong>, <strong>Debussy<\/strong>, <strong>Ravel<\/strong>, <strong>Stravinsky<\/strong>, <strong>Poulenc<\/strong>\u2026<\/p>\n\n\n\n<figure class=\"wp-block-image size-large\"><img loading=\"lazy\" decoding=\"async\" width=\"1024\" height=\"1024\" src=\"https:\/\/roadtocinema.paris\/wp-content\/uploads\/2021\/11\/photo-scaled-1-1024x1024.jpeg\" alt=\"\" class=\"wp-image-6049\" srcset=\"https:\/\/roadtocinema.paris\/wp-content\/uploads\/2021\/11\/photo-scaled-1-1024x1024.jpeg 1024w, https:\/\/roadtocinema.paris\/wp-content\/uploads\/2021\/11\/photo-scaled-1-300x300.jpeg 300w, https:\/\/roadtocinema.paris\/wp-content\/uploads\/2021\/11\/photo-scaled-1-150x150.jpeg 150w, https:\/\/roadtocinema.paris\/wp-content\/uploads\/2021\/11\/photo-scaled-1-768x768.jpeg 768w, https:\/\/roadtocinema.paris\/wp-content\/uploads\/2021\/11\/photo-scaled-1-1536x1536.jpeg 1536w, https:\/\/roadtocinema.paris\/wp-content\/uploads\/2021\/11\/photo-scaled-1-2048x2048.jpeg 2048w, https:\/\/roadtocinema.paris\/wp-content\/uploads\/2021\/11\/photo-scaled-1-1920x1920.jpeg 1920w\" sizes=\"auto, (max-width: 1024px) 100vw, 1024px\" \/><figcaption>Julie Depardieu, Juliette Hurel et H\u00e9l\u00e8ne Couvert devant le portrait de Misia Sert<\/figcaption><\/figure>\n\n\n\n<p><strong>Quelle est votre anecdote pr\u00e9f\u00e9r\u00e9e la concernant&nbsp;?<\/strong><\/p>\n\n\n\n<p>Une anecdote que j&rsquo;adore et qui dit beaucoup sur Misia&#8230; (Et elle n&rsquo;est m\u00eame pas dans notre spectacle !) mais Misia \u00e9tait une excellente pianiste et un jour elle a voulu aider Marcelle Meyer a avoir un peu plus de reconnaissance. Misia&nbsp;organise alors pour elle un concert o\u00f9 elles jouent toutes les deux en 4 mains&#8230; puis chacune s\u00e9par\u00e9ment. Le lendemain, toute la presse ne parlait que du jeu extraordinaire de Misia alors qu&rsquo;elle n&rsquo;\u00e9tait m\u00eame pas pianiste professionnelle ! Et rien sur Marcelle ! Misia attirait&nbsp;toute la lumi\u00e8re sur elle ! Son charme irr\u00e9sistible encore !?<\/p>\n\n\n\n<p><strong>Hier, vous m\u2019avez confi\u00e9 que vous auriez ador\u00e9 naitre dans les ann\u00e9es 1800 comme Misia, pourquoi&nbsp;?&nbsp;Qu\u2019est-ce que cela raconte de vous et de vos similarit\u00e9s avec Misia Sert ?&nbsp;<\/strong><\/p>\n\n\n\n<p>Je ne sais pas si j&rsquo;ai des points communs avec Misia mais son histoire et son \u00e9poque me touchent \u00e9norm\u00e9ment ! Quelle vie ! Quelle dimension ! Je ne suis pas sure qu&rsquo;aujourd&rsquo;hui il y ait des&nbsp;\u00e9quivalents \u00e0 Misia, des femmes avec un tel pourvoir et un tel rayonnement ! &nbsp;<\/p>\n\n\n\n<p><strong>Votre lecture est accompagn\u00e9e avec justesse par vos partenaires de plateau Juliette Hurel, fl\u00fbtiste et H\u00e9l\u00e8ne Couvert, pianiste, n\u2019est-ce pas parfois bouleversant de jouer aux c\u00f4t\u00e9s d\u2019une aussi belle symphonie&nbsp;?&nbsp;Que ressentez-vous sur sc\u00e8ne&nbsp;?<\/strong><\/p>\n\n\n\n<p>Oh la la ! Sur sc\u00e8ne, j&rsquo;ai souvent des frissons partout tellement j&rsquo;aime le jeu de mes 2 acolytes qui sont de grandes musiciennes et qui sont en plus de vraies meilleures amies&#8230; Elle se connaissent depuis longtemps. Elles ont beaucoup jou\u00e9 ensemble&#8230; On s&rsquo;entend tr\u00e8s bien ! On est tr\u00e8s heureuses d&rsquo;\u00e9voquer chacune \u00e0 notre mani\u00e8re piano\/texte et fl\u00fbte une petite partie de Misia.<\/p>\n\n\n\n<figure class=\"wp-block-image size-large\"><img loading=\"lazy\" decoding=\"async\" width=\"1024\" height=\"684\" src=\"https:\/\/roadtocinema.paris\/wp-content\/uploads\/2021\/11\/MISIA-\u2013-photo-trio-\u2013-eloi-fromanger-scaled-1-1024x684.jpeg\" alt=\"\" class=\"wp-image-6050\" srcset=\"https:\/\/roadtocinema.paris\/wp-content\/uploads\/2021\/11\/MISIA-\u2013-photo-trio-\u2013-eloi-fromanger-scaled-1-1024x684.jpeg 1024w, https:\/\/roadtocinema.paris\/wp-content\/uploads\/2021\/11\/MISIA-\u2013-photo-trio-\u2013-eloi-fromanger-scaled-1-300x200.jpeg 300w, https:\/\/roadtocinema.paris\/wp-content\/uploads\/2021\/11\/MISIA-\u2013-photo-trio-\u2013-eloi-fromanger-scaled-1-768x513.jpeg 768w, https:\/\/roadtocinema.paris\/wp-content\/uploads\/2021\/11\/MISIA-\u2013-photo-trio-\u2013-eloi-fromanger-scaled-1-1536x1025.jpeg 1536w, https:\/\/roadtocinema.paris\/wp-content\/uploads\/2021\/11\/MISIA-\u2013-photo-trio-\u2013-eloi-fromanger-scaled-1-2048x1367.jpeg 2048w, https:\/\/roadtocinema.paris\/wp-content\/uploads\/2021\/11\/MISIA-\u2013-photo-trio-\u2013-eloi-fromanger-scaled-1-1920x1282.jpeg 1920w\" sizes=\"auto, (max-width: 1024px) 100vw, 1024px\" \/><figcaption><em>Juliette Hurel, Julie Depardieu et H\u00e9l\u00e8ne Couvert<\/em><\/figcaption><\/figure>\n\n\n\n<p><strong>Chez Road to Cinema on adore v\u00e9hiculer des messages d\u2019encouragement \u00e0 nos abonn\u00e9s pour conclure nos entretiens, alors quel&nbsp;conseil pourriez vous donner aux jeune.s com\u00e9dien.ne.s qui se lancent dans leur carri\u00e8re ?<\/strong><br><br>\u00c9couter de la musique !!! Classique \u00e9videment ! <strong>N&rsquo;ayez pas peur de l&rsquo;immensit\u00e9 !<\/strong> Et souvent les chanteurs et chanteuses d&rsquo;op\u00e9ra sont les meilleurs acteurs du monde ! \u00c9couter vous verrez !<\/p>\n\n\n\n<p><strong>Merci beaucoup Julie pour votre temps. On a h\u00e2te de vous retrouver<\/strong> !&nbsp;<strong>Avez-vous des sorties artistiques prochainement&nbsp;? O\u00f9 peut-on se r\u00e9jouir de vous retrouver ?<\/strong><\/p>\n\n\n\n<p>A Monaco o\u00f9 je fais <strong><em>Le carnaval des animaux<\/em><\/strong>&#8230; des casse-noisettes\u2026 \u00e0  l&rsquo;Orchestre de Mulhouse pour <em><strong>Pierre et le Loup<\/strong><\/em> et <em>des concerts de midi <\/em>o\u00f9 l&rsquo;on invite les gens \u00e0 aller \u00e0 l&rsquo;op\u00e9ra\u2026 Ce sera <strong><em>Carmen<\/em><\/strong> en d\u00e9cembre et \u00e0 la t\u00e9l\u00e9 pour <strong>Alexandra Elhe<\/strong>, je ne sais pas quand !? Mais 2 sont pr\u00eats ! Et au cin\u00e9ma avec <strong><em>Zai Zai Zai<\/em><\/strong>, un film fou et tr\u00e8s r\u00e9ussit avec <strong>Jean-Paul Rouve<\/strong> qui vit un cauchemar \u00e9veill\u00e9 dans un monde assez proche du notre ! Merci !<\/p>\n\n\n\n<h6 class=\"wp-block-heading\">Toute la programmation DU FESTIVAL NOTES D&rsquo;AUTOMNE EST DISPONIBLE sur SON site internet OFFICIEL : <a href=\"https:\/\/festivalnotesdautomne.fr\/misia-reine-de-paris\/\">festivalnotesdautomne.fr<\/a><\/h6>\n\n\n\n<p>Demain \u00e0 21h, retrouvez <strong>Mathieu Kassovitz<\/strong> sur sc\u00e8ne aux c\u00f4t\u00e9s de <strong>Pascal Amoyel<\/strong>, musicien et directeur artistique du Festival Notes d&rsquo;Automne au Grand Th\u00e9\u00e2tre du Centre des Bords de Marne pour la premi\u00e8re de leur spectacle <a href=\"https:\/\/festivalnotesdautomne.fr\/la-poesie-sauvera-le-monde\/\">\u00ab\u00a0La po\u00e9sie sauvera le monde\u00a0\u00bb<\/a><\/p>\n\n\n\n<h2 class=\"wp-block-heading\"><em>Pour compl\u00e9ter votre lecture<\/em><\/h2>\n\n\n\n<figure class=\"wp-block-embed is-type-wp-embed is-provider-road-to-cinema wp-block-embed-road-to-cinema\"><div class=\"wp-block-embed__wrapper\">\n<blockquote class=\"wp-embedded-content\" data-secret=\"3cMCbrHadN\"><a href=\"https:\/\/roadtocinema.paris\/index.php\/2021\/10\/01\/le-bal-des-folles-cest-le-tournage-le-plus-bienveillant-que-jai-jamais-fait-melanie-laurent-avait-une-attention-enorme-pour-la-figuration-les-silhouettes-et-les-comediens-c\/\">Le Bal des Folles : \u00ab\u00a0C\u2019est le tournage le plus bienveillant que j\u2019ai jamais fait ! M\u00e9lanie Laurent avait une attention \u00e9norme pour la figuration, les silhouettes et les com\u00e9diens\u00a0\u00bb. Coralie Russier<\/a><\/blockquote><iframe loading=\"lazy\" class=\"wp-embedded-content\" sandbox=\"allow-scripts\" security=\"restricted\" style=\"position: absolute; clip: rect(1px, 1px, 1px, 1px);\" title=\"\u00ab\u00a0Le Bal des Folles : \u00ab\u00a0C\u2019est le tournage le plus bienveillant que j\u2019ai jamais fait ! M\u00e9lanie Laurent avait une attention \u00e9norme pour la figuration, les silhouettes et les com\u00e9diens\u00a0\u00bb. Coralie Russier\u00a0\u00bb &#8212; Road to Cinema\" src=\"https:\/\/roadtocinema.paris\/index.php\/2021\/10\/01\/le-bal-des-folles-cest-le-tournage-le-plus-bienveillant-que-jai-jamais-fait-melanie-laurent-avait-une-attention-enorme-pour-la-figuration-les-silhouettes-et-les-comediens-c\/embed\/#?secret=3cMCbrHadN\" data-secret=\"3cMCbrHadN\" width=\"600\" height=\"338\" frameborder=\"0\" marginwidth=\"0\" marginheight=\"0\" scrolling=\"no\"><\/iframe>\n<\/div><\/figure>\n\n\n\n<figure class=\"wp-block-embed is-type-wp-embed is-provider-road-to-cinema wp-block-embed-road-to-cinema\"><div class=\"wp-block-embed__wrapper\">\n<blockquote class=\"wp-embedded-content\" data-secret=\"SVJMGeL8zr\"><a href=\"https:\/\/roadtocinema.paris\/index.php\/2021\/10\/31\/rencontre-avec-francois-hollande-le-cinema-est-une-arme-qui-fait-du-bien-il-apporte-des-explications-pour-comprendre-sa-propre-existence\/\">Rencontre avec Fran\u00e7ois Hollande : \u00ab\u00a0Le cin\u00e9ma est une arme qui fait du bien. Il apporte des explications pour comprendre sa propre existence !\u00a0\u00bb<\/a><\/blockquote><iframe loading=\"lazy\" class=\"wp-embedded-content\" sandbox=\"allow-scripts\" security=\"restricted\" style=\"position: absolute; clip: rect(1px, 1px, 1px, 1px);\" title=\"\u00ab\u00a0Rencontre avec Fran\u00e7ois Hollande : \u00ab\u00a0Le cin\u00e9ma est une arme qui fait du bien. Il apporte des explications pour comprendre sa propre existence !\u00a0\u00bb\u00a0\u00bb &#8212; Road to Cinema\" src=\"https:\/\/roadtocinema.paris\/index.php\/2021\/10\/31\/rencontre-avec-francois-hollande-le-cinema-est-une-arme-qui-fait-du-bien-il-apporte-des-explications-pour-comprendre-sa-propre-existence\/embed\/#?secret=SVJMGeL8zr\" data-secret=\"SVJMGeL8zr\" width=\"600\" height=\"338\" frameborder=\"0\" marginwidth=\"0\" marginheight=\"0\" scrolling=\"no\"><\/iframe>\n<\/div><\/figure>\n","protected":false},"excerpt":{"rendered":"<p>Ce jeudi 11 novembre 2021, \u00e0 l&rsquo;occasion du Festival Notes d&rsquo;Automne, qui se tient actuellement dans la ville du Perreux sur Marne en r\u00e9gion parisienne, Road to Cinema a eu l&rsquo;immense bonheur de s&rsquo;entretenir avec la com\u00e9dienne Julie Depardieu qui y jouera le fabuleux spectacle \u00ab\u00a0Misia, Reine de Paris\u00a0\u00bb Bonjour Julie,&nbsp;comment allez-vous&nbsp;? Bonjour Cl\u00e9mentine, \u00e7a [&hellip;]<\/p>\n","protected":false},"author":2,"featured_media":6057,"comment_status":"open","ping_status":"open","sticky":false,"template":"","format":"standard","meta":{"tdm_status":"","tdm_grid_status":"","footnotes":""},"categories":[2130,2131],"tags":[],"class_list":{"0":"post-6044","1":"post","2":"type-post","3":"status-publish","4":"format-standard","5":"has-post-thumbnail","7":"category-nos-interviews","8":"category-nos-rencontres"},"aioseo_notices":[],"_links":{"self":[{"href":"https:\/\/roadtocinema.paris\/index.php\/wp-json\/wp\/v2\/posts\/6044","targetHints":{"allow":["GET"]}}],"collection":[{"href":"https:\/\/roadtocinema.paris\/index.php\/wp-json\/wp\/v2\/posts"}],"about":[{"href":"https:\/\/roadtocinema.paris\/index.php\/wp-json\/wp\/v2\/types\/post"}],"author":[{"embeddable":true,"href":"https:\/\/roadtocinema.paris\/index.php\/wp-json\/wp\/v2\/users\/2"}],"replies":[{"embeddable":true,"href":"https:\/\/roadtocinema.paris\/index.php\/wp-json\/wp\/v2\/comments?post=6044"}],"version-history":[{"count":8,"href":"https:\/\/roadtocinema.paris\/index.php\/wp-json\/wp\/v2\/posts\/6044\/revisions"}],"predecessor-version":[{"id":6390,"href":"https:\/\/roadtocinema.paris\/index.php\/wp-json\/wp\/v2\/posts\/6044\/revisions\/6390"}],"wp:featuredmedia":[{"embeddable":true,"href":"https:\/\/roadtocinema.paris\/index.php\/wp-json\/wp\/v2\/media\/6057"}],"wp:attachment":[{"href":"https:\/\/roadtocinema.paris\/index.php\/wp-json\/wp\/v2\/media?parent=6044"}],"wp:term":[{"taxonomy":"category","embeddable":true,"href":"https:\/\/roadtocinema.paris\/index.php\/wp-json\/wp\/v2\/categories?post=6044"},{"taxonomy":"post_tag","embeddable":true,"href":"https:\/\/roadtocinema.paris\/index.php\/wp-json\/wp\/v2\/tags?post=6044"}],"curies":[{"name":"wp","href":"https:\/\/api.w.org\/{rel}","templated":true}]}}