{"id":6486,"date":"2021-12-19T12:00:00","date_gmt":"2021-12-19T11:00:00","guid":{"rendered":"https:\/\/roadtocinema.paris\/?p=6486"},"modified":"2026-01-18T20:06:28","modified_gmt":"2026-01-18T19:06:28","slug":"les-nominations-de-la-27eme-edition-de-la-ceremonie-des-lumieres","status":"publish","type":"post","link":"https:\/\/roadtocinema.paris\/index.php\/2021\/12\/19\/les-nominations-de-la-27eme-edition-de-la-ceremonie-des-lumieres\/","title":{"rendered":"Les nominations de la 27\u00e8me \u00e9dition de la C\u00e9r\u00e9monie des Lumi\u00e8res"},"content":{"rendered":"\n<p>A l\u2019occasion de la <strong>27\u00e8me C\u00e9r\u00e9monie des<\/strong> <strong>Lumi\u00e8res de la presse internationale<\/strong> qui sera diffus\u00e9e en clair et en exclusivit\u00e9 sur <strong>CANAL+ et myCANAL<\/strong>, le <strong>lundi 17 janvier 2022 \u00e0 20H00<\/strong>, l&rsquo;Acad\u00e9mie des Lumi\u00e8res r\u00e9v\u00e8le les films et artistes nomm\u00e9s de l\u2019ann\u00e9e.<\/p>\n\n\n\n<!--more-->\n\n\n\n<h2 class=\"wp-block-heading\">Qu&rsquo;est-ce que la C\u00e9r\u00e9monie des Lumi\u00e8res ?<\/h2>\n\n\n\n<p>Apr\u00e8s une ann\u00e9e 2021 marqu\u00e9e par les montagnes russes de la pand\u00e9mie et l&#8217;embouteillage des sorties qui a suivi la r\u00e9ouverture des salles tant attendue, <strong>l\u2019Acad\u00e9mie des Lumi\u00e8res et ses 95 votants<\/strong>, correspondants de la presse internationale issus de 36 pays, sont heureux de pouvoir <strong>soutenir plus que jamais l\u2019excellence et la diversit\u00e9<\/strong> du cin\u00e9ma fran\u00e7ais. Ce sera le moment de c\u00e9l\u00e9brer toute l\u2019industrie du cin\u00e9ma qui a r\u00e9pondu avec courage et d\u00e9termination au d\u00e9fi impos\u00e9.<\/p>\n\n\n\n<div class=\"wp-block-image\"><figure class=\"aligncenter size-large\"><img loading=\"lazy\" decoding=\"async\" width=\"1024\" height=\"449\" src=\"https:\/\/roadtocinema.paris\/wp-content\/uploads\/2021\/12\/CEREMONIE-DES-LUMIE\u0300RES-1-1024x449.jpeg\" alt=\"\" class=\"wp-image-6542\" srcset=\"https:\/\/roadtocinema.paris\/wp-content\/uploads\/2021\/12\/CEREMONIE-DES-LUMIE\u0300RES-1-1024x449.jpeg 1024w, https:\/\/roadtocinema.paris\/wp-content\/uploads\/2021\/12\/CEREMONIE-DES-LUMIE\u0300RES-1-300x131.jpeg 300w, https:\/\/roadtocinema.paris\/wp-content\/uploads\/2021\/12\/CEREMONIE-DES-LUMIE\u0300RES-1-768x337.jpeg 768w, https:\/\/roadtocinema.paris\/wp-content\/uploads\/2021\/12\/CEREMONIE-DES-LUMIE\u0300RES-1-150x66.jpeg 150w, https:\/\/roadtocinema.paris\/wp-content\/uploads\/2021\/12\/CEREMONIE-DES-LUMIE\u0300RES-1-696x305.jpeg 696w, https:\/\/roadtocinema.paris\/wp-content\/uploads\/2021\/12\/CEREMONIE-DES-LUMIE\u0300RES-1-1068x468.jpeg 1068w, https:\/\/roadtocinema.paris\/wp-content\/uploads\/2021\/12\/CEREMONIE-DES-LUMIE\u0300RES-1-958x420.jpeg 958w, https:\/\/roadtocinema.paris\/wp-content\/uploads\/2021\/12\/CEREMONIE-DES-LUMIE\u0300RES-1.jpeg 1280w\" sizes=\"auto, (max-width: 1024px) 100vw, 1024px\" \/><\/figure><\/div>\n\n\n\n<p>D\u00e9cern\u00e9s depuis un quart de si\u00e8cle, les Lumi\u00e8res inaugurent d\u00e8s le mois de janvier la saison des <strong>prix cin\u00e9matographiques<\/strong>, en r\u00e9compensant <strong>les talents du cin\u00e9ma fran\u00e7ais<\/strong> de l\u2019ann\u00e9e \u00e9coul\u00e9e.<\/p>\n\n\n\n<p>A cette occasion, l\u2019Acad\u00e9mie des Lumi\u00e8res remettra treize troph\u00e9es : <strong>film, mise en sc\u00e8ne, sc\u00e9nario, actrice, acteur, r\u00e9v\u00e9lation f\u00e9minine, r\u00e9v\u00e9lation masculine, premier film, animation, documentaire, coproduction internationale, image et musique<\/strong>.<\/p>\n\n\n\n<p>Les laur\u00e9ats recevront un Lumi\u00e8re, troph\u00e9e cr\u00e9\u00e9 par la <strong>Monnaie de Paris<\/strong>, sign\u00e9 <strong>Joaqu\u00edn Jim\u00e9nez<\/strong>.<\/p>\n\n\n\n<figure class=\"wp-block-image size-large\"><img loading=\"lazy\" decoding=\"async\" width=\"683\" height=\"1024\" src=\"https:\/\/roadtocinema.paris\/wp-content\/uploads\/2021\/12\/CEREMONIE-DES-LUMIE\u0300RES-2-683x1024.jpeg\" alt=\"\" class=\"wp-image-6543\" srcset=\"https:\/\/roadtocinema.paris\/wp-content\/uploads\/2021\/12\/CEREMONIE-DES-LUMIE\u0300RES-2-683x1024.jpeg 683w, https:\/\/roadtocinema.paris\/wp-content\/uploads\/2021\/12\/CEREMONIE-DES-LUMIE\u0300RES-2-200x300.jpeg 200w, https:\/\/roadtocinema.paris\/wp-content\/uploads\/2021\/12\/CEREMONIE-DES-LUMIE\u0300RES-2-768x1152.jpeg 768w, https:\/\/roadtocinema.paris\/wp-content\/uploads\/2021\/12\/CEREMONIE-DES-LUMIE\u0300RES-2-1024x1536.jpeg 1024w, https:\/\/roadtocinema.paris\/wp-content\/uploads\/2021\/12\/CEREMONIE-DES-LUMIE\u0300RES-2-150x225.jpeg 150w, https:\/\/roadtocinema.paris\/wp-content\/uploads\/2021\/12\/CEREMONIE-DES-LUMIE\u0300RES-2-300x450.jpeg 300w, https:\/\/roadtocinema.paris\/wp-content\/uploads\/2021\/12\/CEREMONIE-DES-LUMIE\u0300RES-2-696x1044.jpeg 696w, https:\/\/roadtocinema.paris\/wp-content\/uploads\/2021\/12\/CEREMONIE-DES-LUMIE\u0300RES-2-1068x1602.jpeg 1068w, https:\/\/roadtocinema.paris\/wp-content\/uploads\/2021\/12\/CEREMONIE-DES-LUMIE\u0300RES-2-280x420.jpeg 280w, https:\/\/roadtocinema.paris\/wp-content\/uploads\/2021\/12\/CEREMONIE-DES-LUMIE\u0300RES-2.jpeg 1200w\" sizes=\"auto, (max-width: 683px) 100vw, 683px\" \/><figcaption>\u00a9 Moreau-Perusseau\/Bestimage Exclusif &#8211; Canal+ studios in Boulogne-Billancourt, France.<\/figcaption><\/figure>\n\n\n\n<p>Le groupe CANAL+, premier partenaire du cin\u00e9ma fran\u00e7ais et CANAL+, la cha\u00eene de toutes les grandes c\u00e9r\u00e9monies de cin\u00e9ma (C\u00c9SAR, FESTIVAL DE CANNES, GOLDEN GLOBE AWARDS, BAFTA, OSCARS) sont fiers de soutenir les Lumi\u00e8res.<\/p>\n\n\n\n<h2 class=\"wp-block-heading\">Notre rencontre avec les nomin\u00e9s des r\u00e9v\u00e9lations f\u00e9minines et masculines<\/h2>\n\n\n\n<figure class=\"wp-block-embed aligncenter is-type-video is-provider-youtube wp-block-embed-youtube wp-embed-aspect-16-9 wp-has-aspect-ratio\"><div class=\"wp-block-embed__wrapper\">\n<div class=\"youtube-embed\" data-video_id=\"x2zkUGI7FKs\"><iframe loading=\"lazy\" title=\"LES NOMINATIONS DE LA 27\u00c8ME CE\u0301RE\u0301MONIE DES LUMIE\u0300RES\" width=\"696\" height=\"392\" src=\"https:\/\/www.youtube.com\/embed\/x2zkUGI7FKs?feature=oembed&#038;enablejsapi=1\" frameborder=\"0\" allow=\"accelerometer; autoplay; clipboard-write; encrypted-media; gyroscope; picture-in-picture\" allowfullscreen><\/iframe><\/div>\n<\/div><\/figure>\n\n\n\n<h2 class=\"wp-block-heading\">Les nominations 2022 de la 27e C\u00e9r\u00e9monie des Lumi\u00e8res<\/h2>\n\n\n\n<div class=\"wp-block-columns is-layout-flex wp-container-core-columns-is-layout-9d6595d7 wp-block-columns-is-layout-flex\">\n<div class=\"wp-block-column is-layout-flow wp-block-column-is-layout-flow\">\n<h2 class=\"has-text-align-center wp-block-heading\"><strong>Film<\/strong><\/h2>\n\n\n\n<ul class=\"wp-block-list\"><li>ANNETTE de Leos Carax<\/li><li>DE SON VIVANT de Emmanuelle Bercot<\/li><li>L\u2019EVENEMENT de Audrey Diwan<\/li><li>ILLUSIONS PERDUES de Xavier Giannoli<\/li><li>ONODA, 10 000 nuits dans la jungle de Arthur Harari<\/li><\/ul>\n<\/div>\n\n\n\n<div class=\"wp-block-column is-layout-flow wp-block-column-is-layout-flow\">\n<h2 class=\"has-text-align-center wp-block-heading\"><strong>Mise en sc\u00e8ne<\/strong><\/h2>\n\n\n\n<ul class=\"wp-block-list\"><li>Jacques Audiard pour LES OLYMPIADES<\/li><li>Leos Carax pour ANNETTE<\/li><li>Audrey Diwan pour L&rsquo;EVENEMENT<\/li><li>Xavier Giannoli pour ILLUSIONS PERDUES<\/li><li>Arthur Harari pour ONODA, 10 000 nuits dans la jungle<\/li><\/ul>\n<\/div>\n<\/div>\n\n\n\n<div class=\"wp-block-columns is-layout-flex wp-container-core-columns-is-layout-9d6595d7 wp-block-columns-is-layout-flex\">\n<div class=\"wp-block-column is-layout-flow wp-block-column-is-layout-flow\">\n<h2 class=\"has-text-align-center wp-block-heading\"><strong>Sc\u00e9nario<\/strong><\/h2>\n\n\n\n<ul class=\"wp-block-list\"><li>Antoine Barraud pour MADELEINE COLLINS<\/li><li>Leyla Bouzid pour UNE HISTOIRE D\u2019AMOUR ET DE DESIR<\/li><li>Catherine Corsini pour LA FRACTURE<\/li><li>Xavier Giannoli pour ILLUSIONS PERDUES<\/li><li>Arthur Harari, Vincent Poymiro pour ONODA, 10 000 nuits dans la jungle<\/li><\/ul>\n<\/div>\n\n\n\n<div class=\"wp-block-column is-layout-flow wp-block-column-is-layout-flow\">\n<h2 class=\"has-text-align-center wp-block-heading\"><strong>Film documentaire<\/strong><\/h2>\n\n\n\n<ul class=\"wp-block-list\"><li>9 JOURS A RAQQA de Xavier de Lauzanne<\/li><li>DELPHINE ET CAROLE INSOUMUSES de Callisto Mc Nulty<\/li><li>INDES GALANTES de Philippe B\u00e9ziat<\/li><li>LE KIOSQUE de Alexandra Pianelli<\/li><li>LA PANTHERE DES NEIGES de Marie Amiguet et Vincent Munier<\/li><\/ul>\n<\/div>\n<\/div>\n\n\n\n<div class=\"wp-block-columns is-layout-flex wp-container-core-columns-is-layout-9d6595d7 wp-block-columns-is-layout-flex\">\n<div class=\"wp-block-column is-layout-flow wp-block-column-is-layout-flow\">\n<h2 class=\"has-text-align-center wp-block-heading\"><strong>Film d&rsquo;animation<\/strong><\/h2>\n\n\n\n<ul class=\"wp-block-list\"><li>PIL de Julien Fournet<\/li><li>PRINCESSE DRAGON de Anthony \u00ab Tot \u00bb Roux et Jean-Jacques Denis<\/li><li>LE SOMMET DES DIEUX de Patrick Imbert<\/li><li>LA TRAVERSEE de Florence Miailhe<\/li><li>LE TOUR DU MONDE EN 80 JOURS de Samuel Tourneux<\/li><\/ul>\n<\/div>\n\n\n\n<div class=\"wp-block-column is-layout-flow wp-block-column-is-layout-flow\">\n<h2 class=\"has-text-align-center wp-block-heading\"><strong>Actrice<\/strong><\/h2>\n\n\n\n<ul class=\"wp-block-list\"><li>Suliane Brahim pour LA NUEE<\/li><li>Virginie Efira pour BENEDETTA<\/li><li>Val\u00e9rie Lemercier pour ALINE<\/li><li>Sophie Marceau pour TOUT S&rsquo;EST BIEN PASSE<\/li><li>Anamaria Vartolomei pour L&rsquo;EVENEMENT<\/li><\/ul>\n<\/div>\n<\/div>\n\n\n\n<div class=\"wp-block-columns is-layout-flex wp-container-core-columns-is-layout-9d6595d7 wp-block-columns-is-layout-flex\">\n<div class=\"wp-block-column is-layout-flow wp-block-column-is-layout-flow\">\n<h2 class=\"has-text-align-center wp-block-heading\"><strong>Acteur<\/strong><\/h2>\n\n\n\n<ul class=\"wp-block-list\"><li>Damien Bonnard pour LES INTRANQUILLES<\/li><li>Andr\u00e9 Dussollier pour TOUT S&rsquo;EST BIEN PASSE<\/li><li>Vincent Lindon pour TITANE<\/li><li>Beno\u00eet Magimel pour DE SON VIVANT<\/li><li>Benjamin Voisin pour ILLUSIONS PERDUES<\/li><\/ul>\n<\/div>\n\n\n\n<div class=\"wp-block-column is-layout-flow wp-block-column-is-layout-flow\">\n<h2 class=\"has-text-align-center wp-block-heading\"><strong>R\u00e9v\u00e9lation f\u00e9minine<\/strong><\/h2>\n\n\n\n<ul class=\"wp-block-list\"><li>Zbeida Belhajamor pour UNE HISTOIRE D&rsquo;AMOUR ET DE DESIR<\/li><li>A\u00efssatou Diallo Sagna pour LA FRACTURE<\/li><li>Daphn\u00e9 Patakia pour BENEDETTA<\/li><li>Agathe Rousselle pour TITANE<\/li><li>Lucie Zhang pour LES OLYMPIADES<\/li><\/ul>\n<\/div>\n<\/div>\n\n\n\n<div class=\"wp-block-columns is-layout-flex wp-container-core-columns-is-layout-9d6595d7 wp-block-columns-is-layout-flex\">\n<div class=\"wp-block-column is-layout-flow wp-block-column-is-layout-flow\">\n<h2 class=\"has-text-align-center wp-block-heading\"><strong>R\u00e9v\u00e9lation masculine<\/strong><\/h2>\n\n\n\n<ul class=\"wp-block-list\"><li>Alseni Bathily pour GAGARINE<\/li><li>Abdel Bendaher pour IBRAHIM<\/li><li>Sami Outalbali pour UNE HISTOIRE D&rsquo;AMOUR ET DE DESIR<\/li><li>Thimot\u00e9e Robart pour LES MAGNETIQUES<\/li><li>Makita Samba pour LES OLYMPIADES<\/li><\/ul>\n<\/div>\n\n\n\n<div class=\"wp-block-column is-layout-flow wp-block-column-is-layout-flow\">\n<h2 class=\"has-text-align-center wp-block-heading\"><strong>Premier film<\/strong><\/h2>\n\n\n\n<ul class=\"wp-block-list\"><li>GAGARINE de Fanny Liatard et J\u00e9r\u00e9my Trouilh<\/li><li>IBRAHIM de Samir Guesmi<\/li><li>LES MAGNETIQUES de Vincent Ma\u00ebl Cardona<\/li><li>LA NUEE de Just Philippot<\/li><li>SOUS LE CIEL D\u2019ALICE de Chlo\u00e9 Mazlo<\/li><\/ul>\n<\/div>\n<\/div>\n\n\n\n<div class=\"wp-block-columns is-layout-flex wp-container-core-columns-is-layout-9d6595d7 wp-block-columns-is-layout-flex\">\n<div class=\"wp-block-column is-layout-flow wp-block-column-is-layout-flow\">\n<h2 class=\"has-text-align-center wp-block-heading\"><strong>Coproduction internationale<\/strong><\/h2>\n\n\n\n<ul class=\"wp-block-list\"><li>FEVRIER de Kamen Kalev<\/li><li>LA FIEVRE DE PETROV de Kirill Serebrennikov<\/li><li>LES INTRANQUILLES de Joachim Lafosse<\/li><li>JULIE EN 12 CHAPITRES de Joachim Trier<\/li><li>THE FATHER de Florian Zeller<\/li><\/ul>\n<\/div>\n\n\n\n<div class=\"wp-block-column is-layout-flow wp-block-column-is-layout-flow\">\n<h2 class=\"has-text-align-center wp-block-heading\"><strong>Image<\/strong><\/h2>\n\n\n\n<ul class=\"wp-block-list\"><li>Christophe Beaucarne pour ILLUSIONS PERDUES<\/li><li>Romain Carcanade pour LA NUEE<\/li><li>Caroline Champetier pour ANNETTE<\/li><li>Tom Harari pour ONODA, 10 000 nuits dans la jungle<\/li><li>Laurent Tangy pour L\u2019EVENEMENT<\/li><\/ul>\n<\/div>\n<\/div>\n\n\n\n<div class=\"wp-block-columns is-layout-flex wp-container-core-columns-is-layout-9d6595d7 wp-block-columns-is-layout-flex\">\n<div class=\"wp-block-column is-layout-flow wp-block-column-is-layout-flow\">\n<h2 class=\"has-text-align-center wp-block-heading\"><strong>Musique<\/strong><\/h2>\n\n\n\n<ul class=\"wp-block-list\"><li>Amine Bouhafa pour LE SOMMET DES DIEUX<\/li><li>Warren Ellis et Nick Cave pour LA PANTHERE DES NEIGES<\/li><li>Evgueni Galperine, Sacha Galperine, Amine Bouhafa pour GAGARINE<\/li><li>Ron Mael et Russell Mael \/ SPARKS pour ANNETTE<\/li><li>Jim Williams pour TITANE<\/li><\/ul>\n<\/div>\n\n\n\n<div class=\"wp-block-column is-layout-flow wp-block-column-is-layout-flow\"><\/div>\n<\/div>\n","protected":false},"excerpt":{"rendered":"<p>A l\u2019occasion de la 27\u00e8me C\u00e9r\u00e9monie des Lumi\u00e8res de la presse internationale qui sera diffus\u00e9e en clair et en exclusivit\u00e9 sur CANAL+ et myCANAL, le lundi 17 janvier 2022 \u00e0 20H00, l&rsquo;Acad\u00e9mie des Lumi\u00e8res r\u00e9v\u00e8le les films et artistes nomm\u00e9s de l\u2019ann\u00e9e.<\/p>\n","protected":false},"author":1,"featured_media":6487,"comment_status":"open","ping_status":"open","sticky":false,"template":"","format":"standard","meta":{"tdm_status":"","tdm_grid_status":"","footnotes":""},"categories":[621,2130,2131],"tags":[573,19,64,576],"class_list":{"0":"post-6486","1":"post","2":"type-post","3":"status-publish","4":"format-standard","5":"has-post-thumbnail","7":"category-ceremonie-des-lumieres","8":"category-nos-interviews","9":"category-nos-rencontres","10":"tag-27eme-ceremonie-des-lumieres","11":"tag-cinema","12":"tag-film","13":"tag-nomination"},"aioseo_notices":[],"_links":{"self":[{"href":"https:\/\/roadtocinema.paris\/index.php\/wp-json\/wp\/v2\/posts\/6486","targetHints":{"allow":["GET"]}}],"collection":[{"href":"https:\/\/roadtocinema.paris\/index.php\/wp-json\/wp\/v2\/posts"}],"about":[{"href":"https:\/\/roadtocinema.paris\/index.php\/wp-json\/wp\/v2\/types\/post"}],"author":[{"embeddable":true,"href":"https:\/\/roadtocinema.paris\/index.php\/wp-json\/wp\/v2\/users\/1"}],"replies":[{"embeddable":true,"href":"https:\/\/roadtocinema.paris\/index.php\/wp-json\/wp\/v2\/comments?post=6486"}],"version-history":[{"count":6,"href":"https:\/\/roadtocinema.paris\/index.php\/wp-json\/wp\/v2\/posts\/6486\/revisions"}],"predecessor-version":[{"id":6574,"href":"https:\/\/roadtocinema.paris\/index.php\/wp-json\/wp\/v2\/posts\/6486\/revisions\/6574"}],"wp:featuredmedia":[{"embeddable":true,"href":"https:\/\/roadtocinema.paris\/index.php\/wp-json\/wp\/v2\/media\/6487"}],"wp:attachment":[{"href":"https:\/\/roadtocinema.paris\/index.php\/wp-json\/wp\/v2\/media?parent=6486"}],"wp:term":[{"taxonomy":"category","embeddable":true,"href":"https:\/\/roadtocinema.paris\/index.php\/wp-json\/wp\/v2\/categories?post=6486"},{"taxonomy":"post_tag","embeddable":true,"href":"https:\/\/roadtocinema.paris\/index.php\/wp-json\/wp\/v2\/tags?post=6486"}],"curies":[{"name":"wp","href":"https:\/\/api.w.org\/{rel}","templated":true}]}}