{"id":6510,"date":"2022-01-02T12:10:00","date_gmt":"2022-01-02T11:10:00","guid":{"rendered":"https:\/\/roadtocinema.paris\/?p=6510"},"modified":"2022-02-24T22:23:08","modified_gmt":"2022-02-24T21:23:08","slug":"la-semaine-du-cinema-positif-avec-le-delegue-general-sam-bobino","status":"publish","type":"post","link":"https:\/\/roadtocinema.paris\/index.php\/2022\/01\/02\/la-semaine-du-cinema-positif-avec-le-delegue-general-sam-bobino\/","title":{"rendered":"La Semaine du Cin\u00e9ma Positif avec le d\u00e9l\u00e9gu\u00e9 g\u00e9n\u00e9ral, Sam Bobino"},"content":{"rendered":"\n<p>Lundi 13 d\u00e9cembre 2021, notre \u00e9quipe a assist\u00e9 \u00e0 <strong>la remise des prix de la 6\u00e8me \u00e9diton de la Semaine du Cin\u00e9ma Positif<\/strong>, au Publicis Cin\u00e9ma des Champs-Elys\u00e9es, \u00e0 Paris.<\/p>\n\n\n\n<!--more-->\n\n\n\n<p>Nous avons rencontr\u00e9 le <strong>d\u00e9l\u00e9gu\u00e9 g\u00e9n\u00e9ral<\/strong> de la Semaine du Cin\u00e9ma Positif, <strong>Sam Bobino<\/strong>, qui nous d\u00e9crit l&rsquo;\u00e9v\u00e9nement.<\/p>\n\n\n\n<h2 class=\"wp-block-heading\">Qu&rsquo;est-ce que la Semaine du Cin\u00e9ma Positif ?<\/h2>\n\n\n\n<p>Cr\u00e9\u00e9e en 2016, sous les auspices du Festival de Cannes, la Semaine du Cin\u00e9ma Positif consacre un cin\u00e9ma qui <strong>change notre regard sur le monde<\/strong>,&nbsp;<strong>interroge son industrie<\/strong> et met son <strong>art au service des g\u00e9n\u00e9rations futures.<\/strong><\/p>\n\n\n\n<p>Organis\u00e9e par l\u2019<strong>Institut de l\u2019\u00c9conomie Positive<\/strong> avec le soutien du CNC, ainsi qu\u2019en partenariat avec Canal + et TV5MONDE, la 6e \u00e9dition s\u2019est d\u00e9roul\u00e9e \u00e0 Cannes du 14 au 17 juillet 2021.<\/p>\n\n\n\n<p>Le cin\u00e9ma positif <strong>d\u00e9nonce les injustices<\/strong> et <strong>met en lumi\u00e8re les situations <\/strong>auxquelles nous avons parfois du mal \u00e0 nous <strong>confronter<\/strong>. Il rassemble, fait bouger les lignes, influence nos modes de pens\u00e9es, nos comportements et invite les citoyens du monde entier \u00e0 s\u2019engager.<\/p>\n\n\n\n<figure class=\"wp-block-embed aligncenter is-type-video is-provider-youtube wp-block-embed-youtube wp-embed-aspect-16-9 wp-has-aspect-ratio\"><div class=\"wp-block-embed__wrapper\">\n<div class=\"youtube-embed\" data-video_id=\"mvVU3euz25o\"><iframe loading=\"lazy\" title=\"6e\u0300me Semaine du Cine\u0301ma Positif (2021)\" width=\"696\" height=\"392\" src=\"https:\/\/www.youtube.com\/embed\/mvVU3euz25o?feature=oembed&#038;enablejsapi=1\" frameborder=\"0\" allow=\"accelerometer; autoplay; clipboard-write; encrypted-media; gyroscope; picture-in-picture\" allowfullscreen><\/iframe><\/div>\n<\/div><\/figure>\n\n\n\n<h2 class=\"wp-block-heading\">D\u00e9couvrez notre interview avec Sam Bobino<\/h2>\n\n\n\n<figure class=\"wp-block-embed is-type-video is-provider-youtube wp-block-embed-youtube wp-embed-aspect-16-9 wp-has-aspect-ratio\"><div class=\"wp-block-embed__wrapper\">\n<div class=\"youtube-embed\" data-video_id=\"ErDjFdziWRg\"><iframe loading=\"lazy\" title=\"LE CIN\u00c9MA POSITIF AVEC LE D\u00c9L\u00c9GU\u00c9 G\u00c9N\u00c9RAL, SAM BOBINO\" width=\"696\" height=\"392\" src=\"https:\/\/www.youtube.com\/embed\/ErDjFdziWRg?feature=oembed&#038;enablejsapi=1\" frameborder=\"0\" allow=\"accelerometer; autoplay; clipboard-write; encrypted-media; gyroscope; picture-in-picture\" allowfullscreen><\/iframe><\/div>\n<\/div><\/figure>\n","protected":false},"excerpt":{"rendered":"<p>Lundi 13 d\u00e9cembre 2021, notre \u00e9quipe a assist\u00e9 \u00e0 la remise des prix de la 6\u00e8me \u00e9diton de la Semaine du Cin\u00e9ma Positif, au Publicis Cin\u00e9ma des Champs-Elys\u00e9es, \u00e0 Paris.<\/p>\n","protected":false},"author":1,"featured_media":6512,"comment_status":"open","ping_status":"open","sticky":false,"template":"","format":"standard","meta":{"tdm_status":"","tdm_grid_status":"","footnotes":""},"categories":[145,619],"tags":[],"class_list":{"0":"post-6510","1":"post","2":"type-post","3":"status-publish","4":"format-standard","5":"has-post-thumbnail","7":"category-nos-partenariats","8":"category-semaine-du-cinema-positif"},"aioseo_notices":[],"_links":{"self":[{"href":"https:\/\/roadtocinema.paris\/index.php\/wp-json\/wp\/v2\/posts\/6510","targetHints":{"allow":["GET"]}}],"collection":[{"href":"https:\/\/roadtocinema.paris\/index.php\/wp-json\/wp\/v2\/posts"}],"about":[{"href":"https:\/\/roadtocinema.paris\/index.php\/wp-json\/wp\/v2\/types\/post"}],"author":[{"embeddable":true,"href":"https:\/\/roadtocinema.paris\/index.php\/wp-json\/wp\/v2\/users\/1"}],"replies":[{"embeddable":true,"href":"https:\/\/roadtocinema.paris\/index.php\/wp-json\/wp\/v2\/comments?post=6510"}],"version-history":[{"count":3,"href":"https:\/\/roadtocinema.paris\/index.php\/wp-json\/wp\/v2\/posts\/6510\/revisions"}],"predecessor-version":[{"id":6673,"href":"https:\/\/roadtocinema.paris\/index.php\/wp-json\/wp\/v2\/posts\/6510\/revisions\/6673"}],"wp:featuredmedia":[{"embeddable":true,"href":"https:\/\/roadtocinema.paris\/index.php\/wp-json\/wp\/v2\/media\/6512"}],"wp:attachment":[{"href":"https:\/\/roadtocinema.paris\/index.php\/wp-json\/wp\/v2\/media?parent=6510"}],"wp:term":[{"taxonomy":"category","embeddable":true,"href":"https:\/\/roadtocinema.paris\/index.php\/wp-json\/wp\/v2\/categories?post=6510"},{"taxonomy":"post_tag","embeddable":true,"href":"https:\/\/roadtocinema.paris\/index.php\/wp-json\/wp\/v2\/tags?post=6510"}],"curies":[{"name":"wp","href":"https:\/\/api.w.org\/{rel}","templated":true}]}}