{"id":6711,"date":"2022-02-13T12:15:00","date_gmt":"2022-02-13T11:15:00","guid":{"rendered":"https:\/\/roadtocinema.paris\/?p=6711"},"modified":"2022-02-24T22:24:41","modified_gmt":"2022-02-24T21:24:41","slug":"le-film-de-son-vivant-avec-lacteur-benoit-magimel","status":"publish","type":"post","link":"https:\/\/roadtocinema.paris\/index.php\/2022\/02\/13\/le-film-de-son-vivant-avec-lacteur-benoit-magimel\/","title":{"rendered":"Le film \u00ab\u00a0De son vivant\u00a0\u00bb avec l&rsquo;acteur Beno\u00eet Magimel"},"content":{"rendered":"\n<h2 class=\"wp-block-heading\">Qui est Benoit Magimel ?<\/h2>\n\n\n\n<p>A l&rsquo;\u00e2ge de 12 ans, <meta charset=\"utf-8\"><strong>Beno\u00eet Magimel<\/strong> r\u00e9pond \u00e0 une annonce de casting qui lui permet de d\u00e9crocher le r\u00f4le principal de la com\u00e9die \u00e0 succ\u00e8s de&nbsp;<strong>Etienne Chatiliez<\/strong>, <strong><em>La Vie est un long fleuve tranquille<\/em><\/strong>. Il y est Momo, enfant issu de la bourgeoisie \u00e9lev\u00e9 par erreur au sein d&rsquo;une famille de prol\u00e9taires. Beno\u00eet incarne en 1995 le fianc\u00e9 de&nbsp;<strong>Virginie Ledoyen<\/strong>&nbsp;dans&nbsp;<strong><em>La Fille seule<\/em><\/strong>&nbsp;et fait une apparition dans&nbsp;<em><strong>La Haine<\/strong><\/em>.<\/p>\n\n\n\n<p>C&rsquo;est&nbsp;<em><strong>Andr\u00e9 Techin\u00e9<\/strong><\/em>&nbsp;qui relance la carri\u00e8re de Beno\u00eet Magimel en lui confiant le r\u00f4le d&rsquo;un voyou, face \u00e0&nbsp;<strong>Daniel Auteuil<\/strong>&nbsp;et&nbsp;<strong>Catherine Deneuve<\/strong>, dans&nbsp;<em><strong>Les Voleurs<\/strong><\/em>&nbsp;en 1996. Beno\u00eet affectionne les r\u00f4les de composition, puisqu&rsquo;on le retrouve en Alfred de Musset dans&nbsp;<strong><em>Les Enfants du si\u00e8cle<\/em><\/strong>&nbsp;avec celle qui est alors sa compagne,&nbsp;<strong>Juliette Binoche<\/strong>&nbsp;et en Louis XIV dans&nbsp;<em><strong>Le Roi danse<\/strong><\/em>.<\/p>\n\n\n\n<p>Avec intensit\u00e9 et sens de la nuance, le fi\u00e9vreux Magimel incarne l&rsquo;amant de&nbsp;<strong>Nathalie Baye<\/strong>&nbsp;dans&nbsp;<em><strong>Selon Matthieu<\/strong><\/em>&nbsp;de&nbsp;<strong>Xavier Beauvois<\/strong>&nbsp;et celui d&rsquo;<strong>Isabelle Huppert<\/strong>&nbsp;dans&nbsp;<strong><em>La Pianiste<\/em><\/strong>&nbsp;de&nbsp;<strong>Michael Haneke<\/strong>, une \u0153uvre d\u00e9rangeante qui lui vaut le <strong>Prix d&rsquo;interpr\u00e9tation masculine au Festival de Cannes<\/strong>. Et lorsque&nbsp;<strong>Claude Chabrol<\/strong>, ma\u00eetre du polar \u00e0 la fran\u00e7aise, s&rsquo;int\u00e9resse \u00e0 la jeunesse, dans&nbsp;<em><strong>La Fleur du mal<\/strong><\/em>&nbsp;(2003) puis&nbsp;<em><strong>La Demoiselle d&rsquo;honneur,<\/strong><\/em> c&rsquo;est \u00e0 Beno\u00eet Magimel qu&rsquo;il confie le r\u00f4le principal, celui d&rsquo;un gar\u00e7on \u00e9cartel\u00e9 entre raison et passion.<\/p>\n\n\n\n<p>Beno\u00eet Magimel retrouve <strong>Emmanuelle Bercot<\/strong> pour&nbsp;<em><strong>La Fille de Brest<\/strong><\/em>, centr\u00e9 sur l&rsquo;affaire du Mediator. Il campe \u00e9galement un tueur \u00e0 gages effrayant dans&nbsp;<em><strong>Money<\/strong><\/em>&nbsp;et un patron d&rsquo;entreprise en faillite dans&nbsp;<em><strong>Carbone<\/strong><\/em>&nbsp;(inspir\u00e9 de l\u2019arnaque \u00e0 la TVA).<\/p>\n\n\n\n<p>Parall\u00e8lement, il incarne le personnage principal de la s\u00e9rie politique&nbsp;<em><strong>Marseille<\/strong><\/em>, aux c\u00f4t\u00e9s de&nbsp;<strong>G\u00e9rard Depardieu<\/strong>. Le natif de Paris reprend aussi son r\u00f4le de Vincent dans&nbsp;<em><strong>Nous finirons ensemble<\/strong><\/em>, puis joue deux personnages touchants dans les drames&nbsp;<em><strong>Lola vers la mer<\/strong><\/em>&nbsp;et&nbsp;<em><strong>Une fille facile<\/strong><\/em>. Aimant travailler plusieurs fois avec les cin\u00e9astes qu&rsquo;il aime, il prend part au thriller&nbsp;<strong><em>Amants<\/em><\/strong>&nbsp;de <strong>Nicole Garcia<\/strong> et joue un fils condamn\u00e9 par la maladie dans&nbsp;<em><strong>De son vivant<\/strong><\/em>&nbsp;d&rsquo;Emmanuelle Bercot.<\/p>\n\n\n\n<p class=\"has-text-align-right\"><strong>Source : Allocine<\/strong><\/p>\n\n\n\n<h2 class=\"wp-block-heading\"><meta charset=\"utf-8\">Notre interview avec Beno\u00eet Magimel<\/h2>\n\n\n\n<figure class=\"wp-block-embed aligncenter is-type-video is-provider-youtube wp-block-embed-youtube wp-embed-aspect-16-9 wp-has-aspect-ratio\"><div class=\"wp-block-embed__wrapper\">\n<div class=\"youtube-embed\" data-video_id=\"c8On6gaf8jg\"><iframe loading=\"lazy\" title=\"LE FILM &quot;DE SON VIVANT&quot; AVEC BENO\u00ceT MAGIMEL\" width=\"696\" height=\"392\" src=\"https:\/\/www.youtube.com\/embed\/c8On6gaf8jg?feature=oembed&#038;enablejsapi=1\" frameborder=\"0\" allow=\"accelerometer; autoplay; clipboard-write; encrypted-media; gyroscope; picture-in-picture\" allowfullscreen><\/iframe><\/div>\n<\/div><\/figure>\n\n\n\n<h2 class=\"wp-block-heading\"><meta charset=\"utf-8\">Synopsis du film <em>De son vivant<\/em><\/h2>\n\n\n\n<p>Un homme condamn\u00e9 trop jeune par la maladie. La souffrance d\u2019une m\u00e8re face \u00e0 l\u2019inacceptable. Le d\u00e9vouement d\u2019un m\u00e9decin (le docteur SARA dans son propre r\u00f4le) et d\u2019une infirmi\u00e8re pour les accompagner sur l\u2019impossible chemin. Une ann\u00e9e, quatre saisons, pour \u00ab danser \u00bb avec la maladie, l\u2019apprivoiser, et comprendre ce que \u00e7a signifie : mourir de son vivant.<\/p>\n\n\n\n<h2 class=\"wp-block-heading\"><meta charset=\"utf-8\">Bande-annonce<\/h2>\n\n\n\n<figure class=\"wp-block-embed aligncenter is-type-video is-provider-youtube wp-block-embed-youtube wp-embed-aspect-16-9 wp-has-aspect-ratio\"><div class=\"wp-block-embed__wrapper\">\n<div class=\"youtube-embed\" data-video_id=\"SYusL1vBd_w\"><iframe loading=\"lazy\" title=\"DE SON VIVANT \u2013 Bande-annonce officielle \u2013 Catherine Deneuve \/ Beno\u00eet Magimel (2021)\" width=\"696\" height=\"392\" src=\"https:\/\/www.youtube.com\/embed\/SYusL1vBd_w?feature=oembed&#038;enablejsapi=1\" frameborder=\"0\" allow=\"accelerometer; autoplay; clipboard-write; encrypted-media; gyroscope; picture-in-picture\" allowfullscreen><\/iframe><\/div>\n<\/div><\/figure>\n","protected":false},"excerpt":{"rendered":"<p>Qui est Benoit Magimel ? A l&rsquo;\u00e2ge de 12 ans, Beno\u00eet Magimel r\u00e9pond \u00e0 une annonce de casting qui lui permet de d\u00e9crocher le r\u00f4le principal de la com\u00e9die \u00e0 succ\u00e8s de&nbsp;Etienne Chatiliez, La Vie est un long fleuve tranquille. Il y est Momo, enfant issu de la bourgeoisie \u00e9lev\u00e9 par erreur au sein d&rsquo;une [&hellip;]<\/p>\n","protected":false},"author":1,"featured_media":6712,"comment_status":"open","ping_status":"open","sticky":false,"template":"","format":"standard","meta":{"tdm_status":"","tdm_grid_status":"","footnotes":""},"categories":[621,145],"tags":[371,607,609,19,606,608,64],"class_list":{"0":"post-6711","1":"post","2":"type-post","3":"status-publish","4":"format-standard","5":"has-post-thumbnail","7":"category-ceremonie-des-lumieres","8":"category-nos-partenariats","9":"tag-acteur","10":"tag-benoit-magimel","11":"tag-catherine-deneuve","12":"tag-cinema","13":"tag-de-son-vivant","14":"tag-emmanuelle-bercot","15":"tag-film"},"aioseo_notices":[],"_links":{"self":[{"href":"https:\/\/roadtocinema.paris\/index.php\/wp-json\/wp\/v2\/posts\/6711","targetHints":{"allow":["GET"]}}],"collection":[{"href":"https:\/\/roadtocinema.paris\/index.php\/wp-json\/wp\/v2\/posts"}],"about":[{"href":"https:\/\/roadtocinema.paris\/index.php\/wp-json\/wp\/v2\/types\/post"}],"author":[{"embeddable":true,"href":"https:\/\/roadtocinema.paris\/index.php\/wp-json\/wp\/v2\/users\/1"}],"replies":[{"embeddable":true,"href":"https:\/\/roadtocinema.paris\/index.php\/wp-json\/wp\/v2\/comments?post=6711"}],"version-history":[{"count":2,"href":"https:\/\/roadtocinema.paris\/index.php\/wp-json\/wp\/v2\/posts\/6711\/revisions"}],"predecessor-version":[{"id":6728,"href":"https:\/\/roadtocinema.paris\/index.php\/wp-json\/wp\/v2\/posts\/6711\/revisions\/6728"}],"wp:featuredmedia":[{"embeddable":true,"href":"https:\/\/roadtocinema.paris\/index.php\/wp-json\/wp\/v2\/media\/6712"}],"wp:attachment":[{"href":"https:\/\/roadtocinema.paris\/index.php\/wp-json\/wp\/v2\/media?parent=6711"}],"wp:term":[{"taxonomy":"category","embeddable":true,"href":"https:\/\/roadtocinema.paris\/index.php\/wp-json\/wp\/v2\/categories?post=6711"},{"taxonomy":"post_tag","embeddable":true,"href":"https:\/\/roadtocinema.paris\/index.php\/wp-json\/wp\/v2\/tags?post=6711"}],"curies":[{"name":"wp","href":"https:\/\/api.w.org\/{rel}","templated":true}]}}