{"id":6717,"date":"2022-03-06T12:15:00","date_gmt":"2022-03-06T11:15:00","guid":{"rendered":"https:\/\/roadtocinema.paris\/?p=6717"},"modified":"2022-03-06T12:31:17","modified_gmt":"2022-03-06T11:31:17","slug":"annette-avec-le-producteur-charles-gillibert","status":"publish","type":"post","link":"https:\/\/roadtocinema.paris\/index.php\/2022\/03\/06\/annette-avec-le-producteur-charles-gillibert\/","title":{"rendered":"Le film \u00ab\u00a0Annette\u00a0\u00bb avec le producteur Charles Gillibert"},"content":{"rendered":"\n<h2 class=\"wp-block-heading\">Qui est Charles Gillibert ?<\/h2>\n\n\n\n<p>Producteur de cin\u00e9ma fran\u00e7ais, en 1995, Charles Gillibert cr\u00e9e la soci\u00e9t\u00e9 <strong>Nada<\/strong> avec&nbsp;<strong>Nathana\u00ebl Karmitz<\/strong>&nbsp;(fils du cr\u00e9ateur de MK2). Ils sont \u00e0 l&rsquo;initiative du <strong>Prix Kieslowski<\/strong> (concours de sc\u00e9nario de court-m\u00e9trage), qui permettra de r\u00e9v\u00e9ler de nombreux jeunes r\u00e9alisateurs entre 1997 et 2002.<\/p>\n\n\n\n<p>Entre 1997 et 2002, Charles Gillibert produit plus d&rsquo;une centaine de courts-m\u00e9trages avant de proposer au groupe MK2 la cr\u00e9ation du label <strong>MK2 Music,<\/strong> label au carrefour entre l&rsquo;image et la musique. Il produit des \u201c<strong>cin\u00e9mix<\/strong>\u00a0\u00bb mettant en sc\u00e8ne des&nbsp;DJs&nbsp;de la&nbsp;French touch&nbsp;qui cr\u00e9ent en direct des bandes-sons sur des films projet\u00e9s dans des salles de cin\u00e9ma (<strong>Troublemakers<\/strong>&nbsp;sur&nbsp;<em><strong>Duel<\/strong><\/em>, <strong>Radiomental<\/strong> sur&nbsp;<em><strong>Vid\u00e9odrome<\/strong><\/em>), ou remixent en direct des images issues du patrimoine international.<\/p>\n\n\n\n<p>Entre 2006 et 2013, il produit en compagnie de Nathana\u00ebl Karmitz pour le compte MK2 une quinzaine de films de longs m\u00e9trages de r\u00e9alisateurs tels que&nbsp;:&nbsp;<strong>Gus Van Sant,&nbsp;Abbas Kiarostami,&nbsp;Walter Salles,&nbsp;Xavier Dolan,&nbsp;Abdellatif Kechiche,&nbsp;Olivier Assayas.<\/strong><\/p>\n\n\n\n<p>En 2013, Charles Gillibert d\u00e9cide de quitter le groupe&nbsp;MK2&nbsp;pour fonder <strong>CG Cin\u00e9ma<\/strong>, sa propre soci\u00e9t\u00e9 de production, qui accompagne des metteurs en sc\u00e8ne aux projets ambitieux tourn\u00e9s vers l&rsquo;international.<\/p>\n\n\n\n<p>Les deux premi\u00e8res productions CG Cin\u00e9ma sont&nbsp;<em><strong>Sils Maria<\/strong><\/em>&nbsp;d\u2019<strong>Olivier Assayas<\/strong>&nbsp;(s\u00e9lectionn\u00e9 au&nbsp;<strong>Festival de Cannes 2014<\/strong>) et&nbsp;<em><strong>Eden<\/strong><\/em>&nbsp;de&nbsp;<strong>Mia Hansen-L\u00f8ve<\/strong>, (s\u00e9lectionn\u00e9 au&nbsp;Festival de Toronto).<\/p>\n\n\n\n<p>CG Cin\u00e9ma coproduit avec&nbsp;<strong>Alfonso Cuar\u00f3n<\/strong>&nbsp;le film franco-mexicain&nbsp;<em><strong>Desierto<\/strong><\/em>&nbsp;de&nbsp;<strong>Jon\u00e1s Cuar\u00f3n<\/strong> (pr\u00e9sent\u00e9 au&nbsp;Festival de Toronto&nbsp;en 2015), et repr\u00e9sentant le Mexique dans la course aux <strong>Oscars en 2016<\/strong>.<\/p>\n\n\n\n<p>En 2015, sort&nbsp;<em><strong>Mustang<\/strong><\/em>&nbsp;de&nbsp;<strong>Deniz Gamze Erg\u00fcven<\/strong>, une des r\u00e9v\u00e9lations du&nbsp;Festival de Cannes 2015, nomm\u00e9 aux Oscars, laur\u00e9at de quatre&nbsp;C\u00e9sars&nbsp;dont celui du&nbsp;<strong>meilleur premier film<\/strong>, et prim\u00e9 dans une trentaine de festivals \u00e0 travers le monde. Il re\u00e7oit de nombreuses r\u00e9compenses, dont le <strong>Prix Lux du meilleur film europ\u00e9en<\/strong> devant le parlement de Strasbourg, des mains de son pr\u00e9sident&nbsp;<strong>Martin Schulz<\/strong>.<\/p>\n\n\n\n<p>En 2015, CG Cin\u00e9ma est distingu\u00e9 par <strong>l&rsquo;IFCIC<\/strong>&nbsp;comme la meilleure jeune soci\u00e9t\u00e9 de production de longs m\u00e9trages. En 2016, Charles Gillibert est appel\u00e9 par le&nbsp;<strong>Centre National de la Cin\u00e9matographie<\/strong>&nbsp;\u00e0 si\u00e9ger en pl\u00e9ni\u00e8re du deuxi\u00e8me coll\u00e8ge de la Commission d&rsquo;avance sur recettes.<\/p>\n\n\n\n<p>CG Cin\u00e9ma s&rsquo;associe au groupe&nbsp;<strong>Ad Vitam<\/strong>&nbsp;d&rsquo;<strong>Alexandra Henochsberg<\/strong>&nbsp;pour cr\u00e9er une soci\u00e9t\u00e9 de ventes internationales, <strong>Alma<\/strong>, destin\u00e9e entre autres \u00e0 imaginer de nouveaux moyens de financements et de diffusion \u00e0 l&rsquo;international.<\/p>\n\n\n\n<h2 class=\"wp-block-heading\">D\u00e9couvrez notre interview avec Charles Gillibert<\/h2>\n\n\n\n<figure class=\"wp-block-embed is-type-video is-provider-youtube wp-block-embed-youtube wp-embed-aspect-16-9 wp-has-aspect-ratio\"><div class=\"wp-block-embed__wrapper\">\n<div class=\"youtube-embed\" data-video_id=\"-xhQ8c2VY5Q\"><iframe loading=\"lazy\" title=\"LE FILM &quot;ANNETTE&quot; AVEC CHARLES GILLIBERT\" width=\"696\" height=\"392\" src=\"https:\/\/www.youtube.com\/embed\/-xhQ8c2VY5Q?feature=oembed&#038;enablejsapi=1\" frameborder=\"0\" allow=\"accelerometer; autoplay; clipboard-write; encrypted-media; gyroscope; picture-in-picture\" allowfullscreen><\/iframe><\/div>\n<\/div><\/figure>\n\n\n\n<h2 class=\"wp-block-heading\">Bande-annonce d&rsquo;<em>Annette<\/em><\/h2>\n\n\n\n<figure class=\"wp-block-embed aligncenter is-type-video is-provider-youtube wp-block-embed-youtube wp-embed-aspect-16-9 wp-has-aspect-ratio\"><div class=\"wp-block-embed__wrapper\">\n<div class=\"youtube-embed\" data-video_id=\"sf4gJl6Uq5U\"><iframe loading=\"lazy\" title=\"ANNETTE Bande Annonce (Cannes 2021) Marion Cotillard, Adam Driver\" width=\"696\" height=\"392\" src=\"https:\/\/www.youtube.com\/embed\/sf4gJl6Uq5U?start=7&#038;feature=oembed\" frameborder=\"0\" allow=\"accelerometer; autoplay; clipboard-write; encrypted-media; gyroscope; picture-in-picture\" allowfullscreen><\/iframe><\/div>\n<\/div><\/figure>\n","protected":false},"excerpt":{"rendered":"<p>Qui est Charles Gillibert ? Producteur de cin\u00e9ma fran\u00e7ais, en 1995, Charles Gillibert cr\u00e9e la soci\u00e9t\u00e9 Nada avec&nbsp;Nathana\u00ebl Karmitz&nbsp;(fils du cr\u00e9ateur de MK2). Ils sont \u00e0 l&rsquo;initiative du Prix Kieslowski (concours de sc\u00e9nario de court-m\u00e9trage), qui permettra de r\u00e9v\u00e9ler de nombreux jeunes r\u00e9alisateurs entre 1997 et 2002. Entre 1997 et 2002, Charles Gillibert produit plus [&hellip;]<\/p>\n","protected":false},"author":1,"featured_media":6718,"comment_status":"open","ping_status":"open","sticky":false,"template":"","format":"standard","meta":{"tdm_status":"","tdm_grid_status":"","footnotes":""},"categories":[621,145],"tags":[476,612,19,64],"class_list":{"0":"post-6717","1":"post","2":"type-post","3":"status-publish","4":"format-standard","5":"has-post-thumbnail","7":"category-ceremonie-des-lumieres","8":"category-nos-partenariats","9":"tag-annette","10":"tag-charles-gillibert","11":"tag-cinema","12":"tag-film"},"aioseo_notices":[],"_links":{"self":[{"href":"https:\/\/roadtocinema.paris\/index.php\/wp-json\/wp\/v2\/posts\/6717","targetHints":{"allow":["GET"]}}],"collection":[{"href":"https:\/\/roadtocinema.paris\/index.php\/wp-json\/wp\/v2\/posts"}],"about":[{"href":"https:\/\/roadtocinema.paris\/index.php\/wp-json\/wp\/v2\/types\/post"}],"author":[{"embeddable":true,"href":"https:\/\/roadtocinema.paris\/index.php\/wp-json\/wp\/v2\/users\/1"}],"replies":[{"embeddable":true,"href":"https:\/\/roadtocinema.paris\/index.php\/wp-json\/wp\/v2\/comments?post=6717"}],"version-history":[{"count":3,"href":"https:\/\/roadtocinema.paris\/index.php\/wp-json\/wp\/v2\/posts\/6717\/revisions"}],"predecessor-version":[{"id":6810,"href":"https:\/\/roadtocinema.paris\/index.php\/wp-json\/wp\/v2\/posts\/6717\/revisions\/6810"}],"wp:featuredmedia":[{"embeddable":true,"href":"https:\/\/roadtocinema.paris\/index.php\/wp-json\/wp\/v2\/media\/6718"}],"wp:attachment":[{"href":"https:\/\/roadtocinema.paris\/index.php\/wp-json\/wp\/v2\/media?parent=6717"}],"wp:term":[{"taxonomy":"category","embeddable":true,"href":"https:\/\/roadtocinema.paris\/index.php\/wp-json\/wp\/v2\/categories?post=6717"},{"taxonomy":"post_tag","embeddable":true,"href":"https:\/\/roadtocinema.paris\/index.php\/wp-json\/wp\/v2\/tags?post=6717"}],"curies":[{"name":"wp","href":"https:\/\/api.w.org\/{rel}","templated":true}]}}