{"id":6723,"date":"2022-03-13T12:10:00","date_gmt":"2022-03-13T11:10:00","guid":{"rendered":"https:\/\/roadtocinema.paris\/?p=6723"},"modified":"2022-03-13T12:56:35","modified_gmt":"2022-03-13T11:56:35","slug":"le-film-danimation-le-sommet-des-dieux-avec-le-realisateur-patrick-imbert","status":"publish","type":"post","link":"https:\/\/roadtocinema.paris\/index.php\/2022\/03\/13\/le-film-danimation-le-sommet-des-dieux-avec-le-realisateur-patrick-imbert\/","title":{"rendered":"Le film d&rsquo;animation \u00ab\u00a0Le sommet des Dieux\u00a0\u00bb avec le r\u00e9alisateur Patrick Imbert"},"content":{"rendered":"\n<p>Lors de la 27\u00e8me C\u00e9r\u00e9monie des Lumi\u00e8res, nous avons la chance de rencontrer <strong>Patrick Imbert<\/strong>, qui a remport\u00e9 le prix du <strong>Meilleur film d&rsquo;animation<\/strong> pour <em><strong>Le Sommet des dieux<\/strong><\/em>.<\/p>\n\n\n\n<!--more-->\n\n\n\n<h2 class=\"wp-block-heading\">Qui est Patrick Imbert ?<meta charset=\"utf-8\"><\/h2>\n\n\n\n<p>Patrick Imbert&nbsp;est un&nbsp;cin\u00e9aste&nbsp;fran\u00e7ais, principalement&nbsp;<strong>r\u00e9alisateur&nbsp;et animateur <\/strong>mais \u00e9galement <strong>directeur de la photographie <\/strong>et<strong>&nbsp;ing\u00e9nieur du son.<\/strong> Il a remport\u00e9 cette ann\u00e9e, le <strong>C\u00e9sar du Meilleur long m\u00e9trage d&rsquo;animation<\/strong> ainsi que le <strong>1er Paris Film Critics Awards<\/strong>, pour la m\u00eame cat\u00e9gorie.<\/p>\n\n\n\n<p>Avec&nbsp;<strong>Benjamin Renner<\/strong>, ils&nbsp;remportent le <strong>prix Golden Poznan Goat<\/strong> pour leur travail de r\u00e9alisation sur&nbsp;<strong><em>Le Grand M\u00e9chant Renard et autres contes&#8230;<\/em>&nbsp;<\/strong>lors du festival Ale Kino&nbsp;! (festival international du film pour jeune public) en 2017. L&rsquo;ann\u00e9e suivante, ce film leur vaut le&nbsp;<strong>Prix Lumi\u00e8res&nbsp;<\/strong>du <strong>Meilleur film d&rsquo;animation<\/strong> puis le&nbsp;<strong>C\u00e9sar du meilleur film d&rsquo;animation<\/strong>.<\/p>\n\n\n\n<p>En 2014, Patrick fait partie des finalistes nomin\u00e9s pour l&rsquo;<strong>Annie Award&nbsp;<\/strong>de la <strong>Meilleure animation de personnage pour le cin\u00e9ma<\/strong> (<em>Outstanding Achievement in Character Animation in a Feature Production<\/em>).<\/p>\n\n\n\n<h2 class=\"wp-block-heading\">D\u00e9couvrez notre interview avec Patrick Imbert<\/h2>\n\n\n\n<figure class=\"wp-block-embed aligncenter is-type-video is-provider-youtube wp-block-embed-youtube wp-embed-aspect-16-9 wp-has-aspect-ratio\"><div class=\"wp-block-embed__wrapper\">\n<div class=\"youtube-embed\" data-video_id=\"1BhIdjZT3JE\"><iframe loading=\"lazy\" title=\"LE FILM D\u2019ANIMATION &quot;LE SOMMET DES DIEUX&quot; AVEC PATRICK IMBERT\" width=\"696\" height=\"392\" src=\"https:\/\/www.youtube.com\/embed\/1BhIdjZT3JE?feature=oembed&#038;enablejsapi=1\" frameborder=\"0\" allow=\"accelerometer; autoplay; clipboard-write; encrypted-media; gyroscope; picture-in-picture\" allowfullscreen><\/iframe><\/div>\n<\/div><\/figure>\n\n\n\n<h2 class=\"wp-block-heading\">Bande-annonce <em>Le sommet des Dieux<\/em><\/h2>\n\n\n\n<figure class=\"wp-block-embed aligncenter is-type-video is-provider-youtube wp-block-embed-youtube wp-embed-aspect-16-9 wp-has-aspect-ratio\"><div class=\"wp-block-embed__wrapper\">\n<div class=\"youtube-embed\" data-video_id=\"HHKo-FFzL-g\"><iframe loading=\"lazy\" title=\"LE SOMMET DES DIEUX Bande Annonce (2022)\" width=\"696\" height=\"392\" src=\"https:\/\/www.youtube.com\/embed\/HHKo-FFzL-g?feature=oembed&#038;enablejsapi=1\" frameborder=\"0\" allow=\"accelerometer; autoplay; clipboard-write; encrypted-media; gyroscope; picture-in-picture\" allowfullscreen><\/iframe><\/div>\n<\/div><\/figure>\n","protected":false},"excerpt":{"rendered":"<p>Lors de la 27\u00e8me C\u00e9r\u00e9monie des Lumi\u00e8res, nous avons la chance de rencontrer Patrick Imbert, qui a remport\u00e9 le prix du Meilleur film d&rsquo;animation pour Le Sommet des dieux.<\/p>\n","protected":false},"author":1,"featured_media":6724,"comment_status":"open","ping_status":"open","sticky":false,"template":"","format":"standard","meta":{"tdm_status":"","tdm_grid_status":"","footnotes":""},"categories":[621,145],"tags":[106,19,64,616,615],"class_list":{"0":"post-6723","1":"post","2":"type-post","3":"status-publish","4":"format-standard","5":"has-post-thumbnail","7":"category-ceremonie-des-lumieres","8":"category-nos-partenariats","9":"tag-animation","10":"tag-cinema","11":"tag-film","12":"tag-le-sommet-des-dieux","13":"tag-patrick-imbert"},"aioseo_notices":[],"_links":{"self":[{"href":"https:\/\/roadtocinema.paris\/index.php\/wp-json\/wp\/v2\/posts\/6723","targetHints":{"allow":["GET"]}}],"collection":[{"href":"https:\/\/roadtocinema.paris\/index.php\/wp-json\/wp\/v2\/posts"}],"about":[{"href":"https:\/\/roadtocinema.paris\/index.php\/wp-json\/wp\/v2\/types\/post"}],"author":[{"embeddable":true,"href":"https:\/\/roadtocinema.paris\/index.php\/wp-json\/wp\/v2\/users\/1"}],"replies":[{"embeddable":true,"href":"https:\/\/roadtocinema.paris\/index.php\/wp-json\/wp\/v2\/comments?post=6723"}],"version-history":[{"count":4,"href":"https:\/\/roadtocinema.paris\/index.php\/wp-json\/wp\/v2\/posts\/6723\/revisions"}],"predecessor-version":[{"id":6824,"href":"https:\/\/roadtocinema.paris\/index.php\/wp-json\/wp\/v2\/posts\/6723\/revisions\/6824"}],"wp:featuredmedia":[{"embeddable":true,"href":"https:\/\/roadtocinema.paris\/index.php\/wp-json\/wp\/v2\/media\/6724"}],"wp:attachment":[{"href":"https:\/\/roadtocinema.paris\/index.php\/wp-json\/wp\/v2\/media?parent=6723"}],"wp:term":[{"taxonomy":"category","embeddable":true,"href":"https:\/\/roadtocinema.paris\/index.php\/wp-json\/wp\/v2\/categories?post=6723"},{"taxonomy":"post_tag","embeddable":true,"href":"https:\/\/roadtocinema.paris\/index.php\/wp-json\/wp\/v2\/tags?post=6723"}],"curies":[{"name":"wp","href":"https:\/\/api.w.org\/{rel}","templated":true}]}}