{"id":6953,"date":"2022-03-19T12:00:00","date_gmt":"2022-03-19T11:00:00","guid":{"rendered":"https:\/\/roadtocinema.paris\/?p=6953"},"modified":"2026-01-18T20:06:08","modified_gmt":"2026-01-18T19:06:08","slug":"le-theme-de-lenfance-au-cinema-avec-la-realisatrice-fabienne-berthaud","status":"publish","type":"post","link":"https:\/\/roadtocinema.paris\/index.php\/2022\/03\/19\/le-theme-de-lenfance-au-cinema-avec-la-realisatrice-fabienne-berthaud\/","title":{"rendered":"Le th\u00e8me de l&rsquo;enfance au cin\u00e9ma avec la r\u00e9alisatrice Fabienne Berthaud"},"content":{"rendered":"\n<p><em>Nous avions interview\u00e9 <strong>Fabienne Berthaud<\/strong> pour son film \u00ab\u00a0<strong>Tom<\/strong>\u00a0\u00bb sortie au cin\u00e9ma le 11 mai 2022.<\/em><\/p>\n\n\n\n<!--more-->\n\n\n\n<h2 class=\"wp-block-heading\">Qui est Fabienne Berthaud ?<\/h2>\n\n\n\n<p>Apr\u00e8s la r\u00e9alisation de deux courts-m\u00e9trages, Fabienne Berthaud r\u00e9alise en 2006 <em><strong>Frankie<\/strong><\/em>, son premier long-m\u00e9trage avec <strong>Diane Kruger<\/strong>, qui fait \u00e9galement ses premiers pas en tant qu\u2019actrice. Elle adapte ensuite au cin\u00e9ma son propre roman <em><strong>Pieds nus sur les limaces<\/strong><\/em> : le film fait la cl\u00f4ture de <strong>La Quinzaine des R\u00e9alisateurs<\/strong> <strong>2010<\/strong> \u00e0 Cannes, o\u00f9 il remportera le <strong>Prix Art Cin\u00e9ma<\/strong>.<\/p>\n\n\n\n<p>En 2016 sort son troisi\u00e8me long-m\u00e9trage, <em><strong>SKY<\/strong><\/em>, avec Diane Kruger et <strong>Norman Reedus<\/strong>. En<br>2019 sort <em><strong>Un monde plus grand<\/strong><\/em> avec <strong>C\u00e9cile de France<\/strong>, adaptation du livre autobiographique de <strong>Corine Sombrun<\/strong> sur le chamanisme mongol, s\u00e9lectionn\u00e9 \u00e0 la <strong>Mostra de Venise<\/strong> (Venice Days).<\/p>\n\n\n\n<p><em><strong>Tom<\/strong><\/em> est son cinqui\u00e8me long-m\u00e9trage. Fabienne Berthaud a \u00e9crit en parall\u00e8le de ses travaux de cin\u00e9aste les romans<strong><em> Un Jardin sur le ventre<\/em><\/strong> (Prix Fran\u00e7oise Sagan 2011), <strong><em>Mal partout<\/em><\/strong> (Seuil, 2004), <em><strong>Cafards<\/strong><\/em> (Albin Michel, 1994) et la nouvelle <em><strong>La Voyageuse<\/strong><\/em> (in \u201cLes Malles\u201d, Gallimard 2013). Son nouveau roman, <em><strong>Entre tes jambes<\/strong><\/em>, est en cours d\u2019\u00e9criture.<\/p>\n\n\n\n<h2 class=\"wp-block-heading\">Notre rencontre avec Fabienne<\/h2>\n","protected":false},"excerpt":{"rendered":"<p>Nous avions interview\u00e9 Fabienne Berthaud pour son film \u00ab\u00a0Tom\u00a0\u00bb sortie au cin\u00e9ma le 11 mai 2022.<\/p>\n","protected":false},"author":3,"featured_media":6955,"comment_status":"open","ping_status":"open","sticky":false,"template":"","format":"standard","meta":{"tdm_status":"","tdm_grid_status":"","footnotes":""},"categories":[2130,2131],"tags":[19,1108,64,1106],"class_list":{"0":"post-6953","1":"post","2":"type-post","3":"status-publish","4":"format-standard","5":"has-post-thumbnail","7":"category-nos-interviews","8":"category-nos-rencontres","9":"tag-cinema","10":"tag-fabienne-berthaud","11":"tag-film","12":"tag-tom"},"aioseo_notices":[],"_links":{"self":[{"href":"https:\/\/roadtocinema.paris\/index.php\/wp-json\/wp\/v2\/posts\/6953","targetHints":{"allow":["GET"]}}],"collection":[{"href":"https:\/\/roadtocinema.paris\/index.php\/wp-json\/wp\/v2\/posts"}],"about":[{"href":"https:\/\/roadtocinema.paris\/index.php\/wp-json\/wp\/v2\/types\/post"}],"author":[{"embeddable":true,"href":"https:\/\/roadtocinema.paris\/index.php\/wp-json\/wp\/v2\/users\/3"}],"replies":[{"embeddable":true,"href":"https:\/\/roadtocinema.paris\/index.php\/wp-json\/wp\/v2\/comments?post=6953"}],"version-history":[{"count":1,"href":"https:\/\/roadtocinema.paris\/index.php\/wp-json\/wp\/v2\/posts\/6953\/revisions"}],"predecessor-version":[{"id":6956,"href":"https:\/\/roadtocinema.paris\/index.php\/wp-json\/wp\/v2\/posts\/6953\/revisions\/6956"}],"wp:featuredmedia":[{"embeddable":true,"href":"https:\/\/roadtocinema.paris\/index.php\/wp-json\/wp\/v2\/media\/6955"}],"wp:attachment":[{"href":"https:\/\/roadtocinema.paris\/index.php\/wp-json\/wp\/v2\/media?parent=6953"}],"wp:term":[{"taxonomy":"category","embeddable":true,"href":"https:\/\/roadtocinema.paris\/index.php\/wp-json\/wp\/v2\/categories?post=6953"},{"taxonomy":"post_tag","embeddable":true,"href":"https:\/\/roadtocinema.paris\/index.php\/wp-json\/wp\/v2\/tags?post=6953"}],"curies":[{"name":"wp","href":"https:\/\/api.w.org\/{rel}","templated":true}]}}