{"id":7407,"date":"2022-08-07T12:00:00","date_gmt":"2022-08-07T10:00:00","guid":{"rendered":"https:\/\/roadtocinema.paris\/?p=7407"},"modified":"2022-08-15T22:59:28","modified_gmt":"2022-08-15T20:59:28","slug":"franck-dubosc-alexandre-astier-gerard-jugnot-sur-le-tapis-rouge-du-festival-de-la-baule-2022","status":"publish","type":"post","link":"https:\/\/roadtocinema.paris\/index.php\/2022\/08\/07\/franck-dubosc-alexandre-astier-gerard-jugnot-sur-le-tapis-rouge-du-festival-de-la-baule-2022\/","title":{"rendered":"Franck Dubosc, Alexandre Astier, G\u00e9rard Jugnot sur le tapis rouge du Festival de La Baule 2022 !"},"content":{"rendered":"\n<p><em>Du 29 juin au 3 juillet 2022, le <strong>Festival Cin\u00e9ma et Musique de Film de La Baule<\/strong> a accueilli pr\u00e8s de <strong>30 000 festivaliers<\/strong> pour d\u00e9couvrir des projections de films uniques en avant-premi\u00e8re, des masterclass et des rencontres autour de la musique de film. <strong>D\u00e9couvrez \u00e0 nos c\u00f4t\u00e9s les figures embl\u00e9matiques de cette 8\u00e8me \u00e9dition en exclusivit\u00e9 sur le tapis rouge.<\/strong><\/em><\/p>\n\n\n\n<!--more-->\n\n\n\n<h2 class=\"wp-block-heading\"><strong>Olivier Baroux, Tarek Boudali, Arnaud Ducret, tous \u00e9taient au rendez-vous pour c\u00e9l\u00e9brer la musique de film !<\/strong><\/h2>\n\n\n\n<p>Pour la premi\u00e8re fois, <strong>Road to Cinema<\/strong> occupe une place unique sur le tapis rouge du <strong>Festival de La Baule<\/strong>. Entre rencontres, interviews et animations, notre m\u00e9dia et le c\u00e9l\u00e8bre festival de musique de film s&rsquo;associent pour vous emmener au plus pr\u00e8s de ses coulisses. <\/p>\n\n\n\n<p>Pr\u00e9sid\u00e9 par <strong><a href=\"https:\/\/roadtocinema.paris\/index.php\/2022\/06\/23\/alexandre-astier-president-du-jury-du-8eme-festival-de-la-baule\/\" data-type=\"URL\" data-id=\"https:\/\/roadtocinema.paris\/index.php\/2022\/06\/23\/alexandre-astier-president-du-jury-du-8eme-festival-de-la-baule\/\">Alexandre Astier<\/a><\/strong>, le jury de cette 8\u00e8me \u00e9dition \u00e9tait compos\u00e9 de l&rsquo;actrice <strong>Anne Parillaud<\/strong>, <strong>Pascale Arbillot<\/strong>, <strong>M\u00e9lanie Doutey<\/strong> et l&rsquo;acteur <a href=\"https:\/\/roadtocinema.paris\/index.php\/2022\/06\/26\/on-est-fait-pour-sentendre-rencontre-avec-pascal-elbe\/\" data-type=\"URL\" data-id=\"https:\/\/roadtocinema.paris\/index.php\/2022\/06\/26\/on-est-fait-pour-sentendre-rencontre-avec-pascal-elbe\/\"><strong>Pascal Elb\u00e9<\/strong><\/a>. A cette occasion, le Festival a r\u00e9uni la petite famille du cin\u00e9ma pour c\u00e9l\u00e9brer la musique de film. <strong>Alexandre Desplat<\/strong>, <strong>Franck Dubosc<\/strong>, <strong>Yvan Attal<\/strong>, <strong>G\u00e9rard Jugnot<\/strong>, <strong>Tch\u00e9ky Karyo<\/strong>, <strong>Olivier Baroux<\/strong>, <strong>Gr\u00e9gory Gadebois<\/strong>, <strong>Philippe Rebbot<\/strong>, <strong>Tarek Boudali<\/strong>, <strong>Pierre Salvadori <\/strong>ou encore <strong><a href=\"https:\/\/roadtocinema.paris\/index.php\/2022\/03\/13\/le-film-danimation-le-sommet-des-dieux-avec-le-realisateur-patrick-imbert\/\" data-type=\"URL\" data-id=\"https:\/\/roadtocinema.paris\/index.php\/2022\/03\/13\/le-film-danimation-le-sommet-des-dieux-avec-le-realisateur-patrick-imbert\/\">Amine Bouhafa<\/a><\/strong>, tous \u00e9taient au rendez-vous !<\/p>\n\n\n\n<h2 class=\"wp-block-heading\"><strong>Retrouvez aux c\u00f4t\u00e9s de notre journaliste Cl\u00e9mentine Abadie les figures embl\u00e9matiques du Festival de La Baule sur le tapis rouge !<\/strong><\/h2>\n\n\n\n<figure class=\"wp-block-embed aligncenter is-type-video is-provider-youtube wp-block-embed-youtube wp-embed-aspect-16-9 wp-has-aspect-ratio\"><div class=\"wp-block-embed__wrapper\">\n<div class=\"youtube-embed\" data-video_id=\"lxbUHW4R3FE\"><iframe loading=\"lazy\" title=\"TAPIS ROUGE DE LA 8\u00c8ME \u00c9DITON DU FESTIVAL DE LA BAULE 2022\" width=\"696\" height=\"392\" src=\"https:\/\/www.youtube.com\/embed\/lxbUHW4R3FE?feature=oembed&#038;enablejsapi=1\" frameborder=\"0\" allow=\"accelerometer; autoplay; clipboard-write; encrypted-media; gyroscope; picture-in-picture\" allowfullscreen><\/iframe><\/div>\n<\/div><\/figure>\n\n\n\n<h2 class=\"wp-block-heading\"><strong>D\u00e9couvrez le palmar\u00e8s <\/strong><\/h2>\n\n\n\n<p><strong>Meilleur Film 2022<\/strong><br><strong>P\u00e9taouchnok<\/strong>&nbsp;r\u00e9alis\u00e9 par Edouard Deluc<\/p>\n\n\n\n<p><strong>Meilleure Musique de Film 2022<\/strong><br><strong>Ludovic Bource&nbsp;<\/strong>pour&nbsp;<em>Le Petit Nicolas, qu\u2019est-ce qu\u2019on attend pour \u00eatre heureux ?<\/em><\/p>\n\n\n\n<p><strong>Prix d\u2019Honneur 2022<br>Alexandre Desplat&nbsp;<\/strong>r\u00e9compens\u00e9 pour l\u2019ensemble de sa carri\u00e8re<\/p>\n\n\n\n<p><strong>Meilleur Court-M\u00e9trage 2022<\/strong>&nbsp;\u2013&nbsp;<strong>AG2R LA MONDIALE<\/strong><br><strong>REPLAY<\/strong>&nbsp;r\u00e9alis\u00e9 par Thomas Deflandre<br><br><strong>R\u00e9v\u00e9lation Jeune Talent Compositeur 2022<\/strong><br><strong>Antonin Browne<\/strong>&nbsp;du Conservatoire Paul Dukas \u2013 Paris<br><br><strong>Meilleure Musique de l\u2019ann\u00e9e 2022<\/strong><br><strong>Amine Bouhafa<\/strong>&nbsp;pour&nbsp;<em>Le Sommet des dieux<\/em><br><br><strong>Coup de Projecteur 2022<\/strong>&nbsp;<strong>\u2013&nbsp;<a href=\"https:\/\/www.universcine.com\/onboarding\">Universcin\u00e9<\/a>&nbsp;<\/strong><br><em><strong>FLEE<\/strong><\/em>&nbsp;de Jonas Poher Rasmussen<br><br><strong>Prix du public 2022<\/strong>&nbsp;<strong>\u2013&nbsp;<a href=\"https:\/\/www.groupebarriere.com\/\">Groupe Barri\u00e8re<\/a><\/strong><br><strong><em>La Petite Bande<\/em><\/strong>&nbsp;de Pierre Salvadori<br><br><strong>Meilleure Interpr\u00e9tation 2022<\/strong><br><strong>Golshifteh Farahani<\/strong>&nbsp;pour Une&nbsp;<em>Com\u00e9die Romantique<\/em><\/p>\n","protected":false},"excerpt":{"rendered":"<p>Du 29 juin au 3 juillet 2022, le Festival Cin\u00e9ma et Musique de Film de La Baule a accueilli pr\u00e8s de 30 000 festivaliers pour d\u00e9couvrir des projections de films uniques en avant-premi\u00e8re, des masterclass et des rencontres autour de la musique de film. D\u00e9couvrez \u00e0 nos c\u00f4t\u00e9s les figures embl\u00e9matiques de cette 8\u00e8me \u00e9dition [&hellip;]<\/p>\n","protected":false},"author":2,"featured_media":7413,"comment_status":"open","ping_status":"open","sticky":false,"template":"","format":"standard","meta":{"tdm_status":"","tdm_grid_status":"","footnotes":""},"categories":[1317,145],"tags":[1118,1294,1286,1293,19,1282,1287,1285,1284,1291,1288,1292,1289,1290],"class_list":{"0":"post-7407","1":"post","2":"type-post","3":"status-publish","4":"format-standard","5":"has-post-thumbnail","7":"category-festivaldelabaule","8":"category-nos-partenariats","9":"tag-8e-edition-du-festival-de-cinema-et-de-musique-de-film-de-la-baule","10":"tag-alexandre-astier","11":"tag-arnaud-ducret","12":"tag-christophe-barratier","13":"tag-cinema","14":"tag-festival-de-la-baule","15":"tag-franck-dubosc","16":"tag-gerard-jugnot","17":"tag-la-baule","18":"tag-olivier-baroux","19":"tag-philippe-rebbot","20":"tag-sam-bobino","21":"tag-sylvain-goldberg","22":"tag-tarek-boudali"},"aioseo_notices":[],"_links":{"self":[{"href":"https:\/\/roadtocinema.paris\/index.php\/wp-json\/wp\/v2\/posts\/7407","targetHints":{"allow":["GET"]}}],"collection":[{"href":"https:\/\/roadtocinema.paris\/index.php\/wp-json\/wp\/v2\/posts"}],"about":[{"href":"https:\/\/roadtocinema.paris\/index.php\/wp-json\/wp\/v2\/types\/post"}],"author":[{"embeddable":true,"href":"https:\/\/roadtocinema.paris\/index.php\/wp-json\/wp\/v2\/users\/2"}],"replies":[{"embeddable":true,"href":"https:\/\/roadtocinema.paris\/index.php\/wp-json\/wp\/v2\/comments?post=7407"}],"version-history":[{"count":10,"href":"https:\/\/roadtocinema.paris\/index.php\/wp-json\/wp\/v2\/posts\/7407\/revisions"}],"predecessor-version":[{"id":7430,"href":"https:\/\/roadtocinema.paris\/index.php\/wp-json\/wp\/v2\/posts\/7407\/revisions\/7430"}],"wp:featuredmedia":[{"embeddable":true,"href":"https:\/\/roadtocinema.paris\/index.php\/wp-json\/wp\/v2\/media\/7413"}],"wp:attachment":[{"href":"https:\/\/roadtocinema.paris\/index.php\/wp-json\/wp\/v2\/media?parent=7407"}],"wp:term":[{"taxonomy":"category","embeddable":true,"href":"https:\/\/roadtocinema.paris\/index.php\/wp-json\/wp\/v2\/categories?post=7407"},{"taxonomy":"post_tag","embeddable":true,"href":"https:\/\/roadtocinema.paris\/index.php\/wp-json\/wp\/v2\/tags?post=7407"}],"curies":[{"name":"wp","href":"https:\/\/api.w.org\/{rel}","templated":true}]}}