{"id":7619,"date":"2022-11-22T12:00:00","date_gmt":"2022-11-22T11:00:00","guid":{"rendered":"https:\/\/roadtocinema.paris\/?p=7619"},"modified":"2022-11-22T12:12:39","modified_gmt":"2022-11-22T11:12:39","slug":"anais-volpe-presente-entre-les-vagues-au-ceff","status":"publish","type":"post","link":"https:\/\/roadtocinema.paris\/index.php\/2022\/11\/22\/anais-volpe-presente-entre-les-vagues-au-ceff\/","title":{"rendered":"Anais Volp\u00e9 pr\u00e9sente \u00ab\u00a0Entre les vagues\u00a0\u00bb au CEFF"},"content":{"rendered":"\n<p><em>C&rsquo;est au <strong>Champs-Elys\u00e9es Film Festival <\/strong>depuis le rooftop du Publicis Drugstore que nous avons rencontr\u00e9 <strong>Anais Volp\u00e9<\/strong>, <strong>r\u00e9alisatrice<\/strong>, <strong>sc\u00e9nariste<\/strong> et <strong>actrice<\/strong> venue pr\u00e9senter <strong>\u00ab\u00a0Entre les vagues\u00a0\u00bb<\/strong>, sorti en salle le 16 mars dernier.<\/em><\/p>\n\n\n\n<!--more-->\n\n\n\n<h2 class=\"wp-block-heading\"><strong>Self made woman<\/strong><\/h2>\n\n\n\n<p>Anais Volp\u00e9 r\u00e9alise seule plusieurs courts m\u00e9trages, puis \u00e0 l\u2019\u00e2ge de 25 ans son premier long auto-produit crossmedia<strong> \u00ab\u00a0Heis (chroniques)<\/strong>\u00a0\u00bb qui est prim\u00e9 au <strong>Los Angeles Film Festival<\/strong>, en 2017 son sc\u00e9nario <strong>\u00ab\u00a0M\u00e4rlha<\/strong>\u00a0\u00bb est s\u00e9lectionn\u00e9 \u00e0 la <strong>Berlinale<\/strong> et \u00e0 <strong>La maison des sc\u00e9naristes \u00e0 Cannes<\/strong>, elle pr\u00e9sente dans le cadre de ce festival son second film port\u00e9 sur les \u00e9crans <strong>\u201cEntre les vagues\u201d<\/strong> avec \u00e0 l&rsquo;affiche <strong>D\u00e9borah Lukumuena<\/strong> et <strong>Souheila Yacoub<\/strong>, nous l&rsquo;avons vu et quelle claque. <\/p>\n\n\n\n<h2 class=\"wp-block-heading\"><strong>Notre rencontre<\/strong><\/h2>\n\n\n\n<figure class=\"wp-block-embed aligncenter is-type-video is-provider-youtube wp-block-embed-youtube wp-embed-aspect-16-9 wp-has-aspect-ratio\"><div class=\"wp-block-embed__wrapper\">\n<div class=\"youtube-embed\" data-video_id=\"5rZfSU8OOn0\"><iframe loading=\"lazy\" title=\"ANA\u00cfS VOLP\u00c9, PR\u00c9SIDENTE DE JURY COURT M\u00c9TRAGE AUX CHAMPS-\u00c9LYS\u00c9ES FILM FESTIVAL\" width=\"696\" height=\"392\" src=\"https:\/\/www.youtube.com\/embed\/5rZfSU8OOn0?feature=oembed&#038;enablejsapi=1\" frameborder=\"0\" allow=\"accelerometer; autoplay; clipboard-write; encrypted-media; gyroscope; picture-in-picture\" allowfullscreen><\/iframe><\/div>\n<\/div><\/figure>\n","protected":false},"excerpt":{"rendered":"<p>C&rsquo;est au Champs-Elys\u00e9es Film Festival depuis le rooftop du Publicis Drugstore que nous avons rencontr\u00e9 Anais Volp\u00e9, r\u00e9alisatrice, sc\u00e9nariste et actrice venue pr\u00e9senter \u00ab\u00a0Entre les vagues\u00a0\u00bb, sorti en salle le 16 mars dernier.<\/p>\n","protected":false},"author":1,"featured_media":7886,"comment_status":"open","ping_status":"open","sticky":false,"template":"","format":"standard","meta":{"tdm_status":"","tdm_grid_status":"","footnotes":""},"categories":[559,145],"tags":[1426,526,515,1429,1428,1430],"class_list":{"0":"post-7619","1":"post","2":"type-post","3":"status-publish","4":"format-standard","5":"has-post-thumbnail","7":"category-champselyseesfilmsfestival","8":"category-nos-partenariats","9":"tag-anais-volpe","10":"tag-champs-elysees","11":"tag-champs-elysees-film-festival","12":"tag-deborah-lukumuena","13":"tag-entre-les-vagues","14":"tag-souheila-yacoub"},"aioseo_notices":[],"_links":{"self":[{"href":"https:\/\/roadtocinema.paris\/index.php\/wp-json\/wp\/v2\/posts\/7619","targetHints":{"allow":["GET"]}}],"collection":[{"href":"https:\/\/roadtocinema.paris\/index.php\/wp-json\/wp\/v2\/posts"}],"about":[{"href":"https:\/\/roadtocinema.paris\/index.php\/wp-json\/wp\/v2\/types\/post"}],"author":[{"embeddable":true,"href":"https:\/\/roadtocinema.paris\/index.php\/wp-json\/wp\/v2\/users\/1"}],"replies":[{"embeddable":true,"href":"https:\/\/roadtocinema.paris\/index.php\/wp-json\/wp\/v2\/comments?post=7619"}],"version-history":[{"count":4,"href":"https:\/\/roadtocinema.paris\/index.php\/wp-json\/wp\/v2\/posts\/7619\/revisions"}],"predecessor-version":[{"id":7887,"href":"https:\/\/roadtocinema.paris\/index.php\/wp-json\/wp\/v2\/posts\/7619\/revisions\/7887"}],"wp:featuredmedia":[{"embeddable":true,"href":"https:\/\/roadtocinema.paris\/index.php\/wp-json\/wp\/v2\/media\/7886"}],"wp:attachment":[{"href":"https:\/\/roadtocinema.paris\/index.php\/wp-json\/wp\/v2\/media?parent=7619"}],"wp:term":[{"taxonomy":"category","embeddable":true,"href":"https:\/\/roadtocinema.paris\/index.php\/wp-json\/wp\/v2\/categories?post=7619"},{"taxonomy":"post_tag","embeddable":true,"href":"https:\/\/roadtocinema.paris\/index.php\/wp-json\/wp\/v2\/tags?post=7619"}],"curies":[{"name":"wp","href":"https:\/\/api.w.org\/{rel}","templated":true}]}}