{"id":7865,"date":"2022-11-20T12:00:00","date_gmt":"2022-11-20T11:00:00","guid":{"rendered":"https:\/\/roadtocinema.paris\/?p=7865"},"modified":"2022-11-20T18:40:34","modified_gmt":"2022-11-20T17:40:34","slug":"rencontre-avec-tcheky-karyo-depuis-le-festival-de-la-baule","status":"publish","type":"post","link":"https:\/\/roadtocinema.paris\/index.php\/2022\/11\/20\/rencontre-avec-tcheky-karyo-depuis-le-festival-de-la-baule\/","title":{"rendered":"Rencontre avec Tch\u00e9ky Karyo au Festival de La Baule"},"content":{"rendered":"\n<p><em>Cette semaine sort en salle \u00ab\u00a0<strong>Une Com\u00e9die Romantique\u00a0\u00bb<\/strong> r\u00e9alis\u00e9 par <strong>Thibault Segouin<\/strong>, avec <strong>Alex Lutz, Golshifteh Farahani et Tch\u00e9ky Karyo<\/strong>. Le film \u00e9tait pr\u00e9sent\u00e9 en avant-premi\u00e8re lors du dernier <strong>Festival de Cin\u00e9ma et de Musique de film de La Baule<\/strong>.<\/em><\/p>\n\n\n\n<!--more-->\n\n\n\n<h2 class=\"wp-block-heading\"><strong>Une carri\u00e8re immense<\/strong><\/h2>\n\n\n\n<p>Tch\u00e9ky Karyo est un acteur incontournable qui totalise d\u00e9j\u00e0 plus d\u2019une centaine de films \u00e0 son actif parmi lesquels de grands succ\u00e8s internationaux comme <strong>\u00ab\u00a0Nikita\u00a0\u00bb<\/strong>, <strong>\u00ab\u00a0L\u2019Ours\u00a0\u00bb<\/strong>, <strong>\u00ab\u00a01492 : Christophe Colomb\u00a0\u00bb<\/strong>, <strong>\u00ab\u00a0Bad Boys\u00a0\u00bb<\/strong>, <strong>\u00ab\u00a0Jeanne D\u2019Arc\u00a0\u00bb<\/strong>, <strong>\u00ab\u00a0GoldenEye\u00a0\u00bb<\/strong>, <strong>\u00ab\u00a0The Patriot\u00a0\u00bb <\/strong>ou encore <strong>\u00ab\u00a0Le Fabuleux destin d\u2019Amelie Poulain\u00a0\u00bb<\/strong>.<\/p>\n\n\n\n<h2 class=\"wp-block-heading\"><strong>Notre entrevue<\/strong><\/h2>\n\n\n\n<figure class=\"wp-block-embed aligncenter is-type-video is-provider-youtube wp-block-embed-youtube wp-embed-aspect-16-9 wp-has-aspect-ratio\"><div class=\"wp-block-embed__wrapper\">\n<div class=\"youtube-embed\" data-video_id=\"RzVJGj-G-7Q\"><iframe loading=\"lazy\" title=\"RENCONTRE AVEC L&#039;ACTEUR TCH\u00c9KY KARYO\" width=\"696\" height=\"392\" src=\"https:\/\/www.youtube.com\/embed\/RzVJGj-G-7Q?feature=oembed&#038;enablejsapi=1\" frameborder=\"0\" allow=\"accelerometer; autoplay; clipboard-write; encrypted-media; gyroscope; picture-in-picture\" allowfullscreen><\/iframe><\/div>\n<\/div><figcaption class=\"wp-element-caption\">P\u00a9 Two Brothers Pictures<\/figcaption><\/figure>\n\n\n\n<p class=\"has-text-align-right\"><em><strong>Photo de couverture \u00a9 Two Brothers Pictures<\/strong><\/em><\/p>\n","protected":false},"excerpt":{"rendered":"<p>Cette semaine sort en salle \u00ab\u00a0Une Com\u00e9die Romantique\u00a0\u00bb r\u00e9alis\u00e9 par Thibault Segouin, avec Alex Lutz, Golshifteh Farahani et Tch\u00e9ky Karyo. Le film \u00e9tait pr\u00e9sent\u00e9 en avant-premi\u00e8re lors du dernier Festival de Cin\u00e9ma et de Musique de film de La Baule.<\/p>\n","protected":false},"author":1,"featured_media":7868,"comment_status":"open","ping_status":"open","sticky":false,"template":"","format":"standard","meta":{"tdm_status":"","tdm_grid_status":"","footnotes":""},"categories":[1317,145],"tags":[371,19,1282,64,1972],"class_list":{"0":"post-7865","1":"post","2":"type-post","3":"status-publish","4":"format-standard","5":"has-post-thumbnail","7":"category-festivaldelabaule","8":"category-nos-partenariats","9":"tag-acteur","10":"tag-cinema","11":"tag-festival-de-la-baule","12":"tag-film","13":"tag-tcheky-karyo"},"aioseo_notices":[],"_links":{"self":[{"href":"https:\/\/roadtocinema.paris\/index.php\/wp-json\/wp\/v2\/posts\/7865","targetHints":{"allow":["GET"]}}],"collection":[{"href":"https:\/\/roadtocinema.paris\/index.php\/wp-json\/wp\/v2\/posts"}],"about":[{"href":"https:\/\/roadtocinema.paris\/index.php\/wp-json\/wp\/v2\/types\/post"}],"author":[{"embeddable":true,"href":"https:\/\/roadtocinema.paris\/index.php\/wp-json\/wp\/v2\/users\/1"}],"replies":[{"embeddable":true,"href":"https:\/\/roadtocinema.paris\/index.php\/wp-json\/wp\/v2\/comments?post=7865"}],"version-history":[{"count":2,"href":"https:\/\/roadtocinema.paris\/index.php\/wp-json\/wp\/v2\/posts\/7865\/revisions"}],"predecessor-version":[{"id":7878,"href":"https:\/\/roadtocinema.paris\/index.php\/wp-json\/wp\/v2\/posts\/7865\/revisions\/7878"}],"wp:featuredmedia":[{"embeddable":true,"href":"https:\/\/roadtocinema.paris\/index.php\/wp-json\/wp\/v2\/media\/7868"}],"wp:attachment":[{"href":"https:\/\/roadtocinema.paris\/index.php\/wp-json\/wp\/v2\/media?parent=7865"}],"wp:term":[{"taxonomy":"category","embeddable":true,"href":"https:\/\/roadtocinema.paris\/index.php\/wp-json\/wp\/v2\/categories?post=7865"},{"taxonomy":"post_tag","embeddable":true,"href":"https:\/\/roadtocinema.paris\/index.php\/wp-json\/wp\/v2\/tags?post=7865"}],"curies":[{"name":"wp","href":"https:\/\/api.w.org\/{rel}","templated":true}]}}