{"id":8033,"date":"2023-02-02T12:00:00","date_gmt":"2023-02-02T11:00:00","guid":{"rendered":"https:\/\/roadtocinema.paris\/?p=8033"},"modified":"2023-02-03T16:00:05","modified_gmt":"2023-02-03T15:00:05","slug":"rencontre-avec-le-producteur-francois-kraus","status":"publish","type":"post","link":"https:\/\/roadtocinema.paris\/index.php\/2023\/02\/02\/rencontre-avec-le-producteur-francois-kraus\/","title":{"rendered":"Rencontre avec le producteur Fran\u00e7ois Kraus"},"content":{"rendered":"\n<p><em>Dans le cadre de la journ\u00e9e mondiale de lutte contre le cancer, <strong>Road to Cinema<\/strong> vous propose de replonger sur le film prim\u00e9 <strong>\u00ab\u00a0De son Vivant\u00a0\u00bb<\/strong> d&rsquo;<a href=\"https:\/\/roadtocinema.paris\/index.php\/2022\/11\/06\/emmanuelle-bercot-pour-road-to-cinema-depuis-le-publicis-drugstore\/\" title=\"Emmanuelle Bercot\"><strong>Emmanuelle Bercot<\/strong><\/a> avec la rencontre de son producteur <strong>Fran\u00e7ois Kraus<\/strong> des Films du Kiosque.<\/em><\/p>\n\n\n\n<h2 class=\"wp-block-heading\"><strong>La parole du producteur<\/strong><\/h2>\n\n\n\n<p>Interpr\u00e9t\u00e9 par <a href=\"https:\/\/roadtocinema.paris\/index.php\/2022\/02\/13\/le-film-de-son-vivant-avec-lacteur-benoit-magimel\/\" title=\"Beno\u00eet Magimel\"><strong>Beno\u00eet Magimel<\/strong><\/a> &amp;<strong> Catherine Deneuve<\/strong>, l&rsquo;histoire raconte celle d&rsquo;<a href=\"https:\/\/roadtocinema.paris\/index.php\/2022\/02\/13\/le-film-de-son-vivant-avec-lacteur-benoit-magimel\/\" title=\"un homme\">un homme<\/a> condamn\u00e9 par un cancer incurable dont l&rsquo;annonce inacceptable fait terriblement souffrir sa m\u00e8re&#8230; <\/p>\n\n\n\n<p><strong>Fran\u00e7ois Kraus<\/strong> nous raconte alors comment s&rsquo;est pass\u00e9 sa collaboration avec <a href=\"https:\/\/roadtocinema.paris\/index.php\/2022\/11\/06\/emmanuelle-bercot-pour-road-to-cinema-depuis-le-publicis-drugstore\/\" title=\"la r\u00e9alisatrice\">la r\u00e9alisatrice<\/a> et nous livre son conseil pour devenir producteur.<\/p>\n\n\n\n<figure class=\"wp-block-embed is-type-video is-provider-youtube wp-block-embed-youtube wp-embed-aspect-16-9 wp-has-aspect-ratio\"><div class=\"wp-block-embed__wrapper\">\n<iframe loading=\"lazy\" title=\"Le film &quot;De son Vivant&quot; avec le producteur Fran\u00e7ois Kraus\" width=\"696\" height=\"392\" src=\"https:\/\/www.youtube.com\/embed\/ypGazFLpwAA?feature=oembed\" frameborder=\"0\" allow=\"accelerometer; autoplay; clipboard-write; encrypted-media; gyroscope; picture-in-picture; web-share\" allowfullscreen><\/iframe>\n<\/div><\/figure>\n\n\n\n<h2 class=\"wp-block-heading\"><strong>Bande annonce<\/strong> <\/h2>\n\n\n\n<figure class=\"wp-block-embed is-type-video is-provider-youtube wp-block-embed-youtube wp-embed-aspect-16-9 wp-has-aspect-ratio\"><div class=\"wp-block-embed__wrapper\">\n<div class=\"youtube-embed\" data-video_id=\"SYusL1vBd_w\"><iframe loading=\"lazy\" title=\"DE SON VIVANT \u2013 Bande-annonce officielle \u2013 Catherine Deneuve \/ Beno\u00eet Magimel (2021)\" width=\"696\" height=\"392\" src=\"https:\/\/www.youtube.com\/embed\/SYusL1vBd_w?start=4&#038;feature=oembed\" frameborder=\"0\" allow=\"accelerometer; autoplay; clipboard-write; encrypted-media; gyroscope; picture-in-picture; web-share\" allowfullscreen><\/iframe><\/div>\n<\/div><\/figure>\n\n\n\n<p><em><strong>Pour aider la lutte contre le cancer, rendez-vous sur le site internet de <a href=\"https:\/\/www.ligue-cancer.net\/\" title=\"La ligue contre le cancer\">la ligue contre le cancer<\/a><\/strong><\/em> : <a href=\"https:\/\/www.ligue-cancer.net\/\" title=\"\">www.ligue-cancer.net\/<\/a><\/p>\n","protected":false},"excerpt":{"rendered":"<p>Dans le cadre de la journ\u00e9e mondiale de lutte contre le cancer, Road to Cinema vous propose de replonger sur le film prim\u00e9 \u00ab\u00a0De son Vivant\u00a0\u00bb d&rsquo;Emmanuelle Bercot avec la rencontre de son producteur Fran\u00e7ois Kraus des Films du Kiosque. La parole du producteur Interpr\u00e9t\u00e9 par Beno\u00eet Magimel &amp; Catherine Deneuve, l&rsquo;histoire raconte celle d&rsquo;un [&hellip;]<\/p>\n","protected":false},"author":1,"featured_media":8044,"comment_status":"open","ping_status":"open","sticky":false,"template":"","format":"standard","meta":{"tdm_status":"","tdm_grid_status":"","footnotes":""},"categories":[145,620],"tags":[607,2013,609,606,608,2014,2015,617],"class_list":{"0":"post-8033","1":"post","2":"type-post","3":"status-publish","4":"format-standard","5":"has-post-thumbnail","7":"category-nos-partenariats","8":"category-paris-film-critics-awards","9":"tag-benoit-magimel","10":"tag-cancer","11":"tag-catherine-deneuve","12":"tag-de-son-vivant","13":"tag-emmanuelle-bercot","14":"tag-films-du-kiosque","15":"tag-francois-kraus","16":"tag-paris-film-critics-awards"},"aioseo_notices":[],"_links":{"self":[{"href":"https:\/\/roadtocinema.paris\/index.php\/wp-json\/wp\/v2\/posts\/8033","targetHints":{"allow":["GET"]}}],"collection":[{"href":"https:\/\/roadtocinema.paris\/index.php\/wp-json\/wp\/v2\/posts"}],"about":[{"href":"https:\/\/roadtocinema.paris\/index.php\/wp-json\/wp\/v2\/types\/post"}],"author":[{"embeddable":true,"href":"https:\/\/roadtocinema.paris\/index.php\/wp-json\/wp\/v2\/users\/1"}],"replies":[{"embeddable":true,"href":"https:\/\/roadtocinema.paris\/index.php\/wp-json\/wp\/v2\/comments?post=8033"}],"version-history":[{"count":5,"href":"https:\/\/roadtocinema.paris\/index.php\/wp-json\/wp\/v2\/posts\/8033\/revisions"}],"predecessor-version":[{"id":8043,"href":"https:\/\/roadtocinema.paris\/index.php\/wp-json\/wp\/v2\/posts\/8033\/revisions\/8043"}],"wp:featuredmedia":[{"embeddable":true,"href":"https:\/\/roadtocinema.paris\/index.php\/wp-json\/wp\/v2\/media\/8044"}],"wp:attachment":[{"href":"https:\/\/roadtocinema.paris\/index.php\/wp-json\/wp\/v2\/media?parent=8033"}],"wp:term":[{"taxonomy":"category","embeddable":true,"href":"https:\/\/roadtocinema.paris\/index.php\/wp-json\/wp\/v2\/categories?post=8033"},{"taxonomy":"post_tag","embeddable":true,"href":"https:\/\/roadtocinema.paris\/index.php\/wp-json\/wp\/v2\/tags?post=8033"}],"curies":[{"name":"wp","href":"https:\/\/api.w.org\/{rel}","templated":true}]}}