{"id":8045,"date":"2023-02-05T12:00:00","date_gmt":"2023-02-05T11:00:00","guid":{"rendered":"https:\/\/roadtocinema.paris\/?p=8045"},"modified":"2026-01-18T20:03:16","modified_gmt":"2026-01-18T19:03:16","slug":"le-cinema-avec-lacteur-ramzy-bedia","status":"publish","type":"post","link":"https:\/\/roadtocinema.paris\/index.php\/2023\/02\/05\/le-cinema-avec-lacteur-ramzy-bedia\/","title":{"rendered":"Le cin\u00e9ma avec l&rsquo;acteur Ramzy Bedia"},"content":{"rendered":"\n<p><em>\u00c0 l\u2019occasion de la promo de son dernier film <\/em><strong><em>\u00ab\u00a0Youssef Salem a du succ\u00e8s<\/em>\u00ab\u00a0<\/strong><em>, rencontre avec <strong>Ramzy Bedia<\/strong>, dr\u00f4le \u00e0 la ville comme \u00e0 l\u2019\u00e9cran<\/em> !<\/p>\n\n\n\n<!--more-->\n\n\n\n<h2 class=\"wp-block-heading\">Notre rencontre avec Ramzy<\/h2>\n\n\n\n<p>\u00c0 l&rsquo;occasion de la sortie de <strong><em>Youssef Salem a du succ\u00e8s <\/em><\/strong>de <strong>Baya Kasmi<\/strong>, nous avons rencontr\u00e9 Ramzy Bedia.&nbsp;<\/p>\n\n\n\n<p>Avec lui, nous revenons sur la raison pour laquelle il a emprunt\u00e9 cette voie et quels conseils il donnerait \u00e0 l&rsquo;enfant qu&rsquo;il \u00e9tait, ce \u00e0 quoi il r\u00e9pond :<\/p>\n\n\n\n<figure class=\"wp-block-pullquote\"><blockquote><p>Ne vous inqui\u00e9tez pas Eric et Ramzy, \u00e7a va marcher<\/p><\/blockquote><\/figure>\n\n\n\n<p>Le film raconte l\u2019histoire de Youssef Salem qui a toujours r\u00e9ussi \u00e0 rater sa carri\u00e8re d\u2019\u00e9crivain, sauf que le jour o\u00f9 son nouveau roman rencontre le succ\u00e8s les ennuis commencent car Youssef n\u2019a pas pu s\u2019emp\u00eacher de s\u2019inspirer des siens, pour le meilleur et pour le pire.<\/p>\n\n\n\n<p>On s\u2019est r\u00e9gal\u00e9s, et je suis s\u00fbre que vous aussi. Rendez-vous en salle !<\/p>\n\n\n\n<figure class=\"wp-block-embed aligncenter is-type-video is-provider-youtube wp-block-embed-youtube wp-embed-aspect-16-9 wp-has-aspect-ratio\"><div class=\"wp-block-embed__wrapper\">\n<div class=\"youtube-embed\" data-video_id=\"aJ7FlCsBWZg\"><iframe loading=\"lazy\" title=\"Le cin\u00e9ma avec Ramzy Bedia\" width=\"696\" height=\"392\" src=\"https:\/\/www.youtube.com\/embed\/aJ7FlCsBWZg?feature=oembed&#038;enablejsapi=1\" frameborder=\"0\" allow=\"accelerometer; autoplay; clipboard-write; encrypted-media; gyroscope; picture-in-picture; web-share\" allowfullscreen><\/iframe><\/div>\n<\/div><\/figure>\n\n\n\n<p class=\"has-text-align-right\"><strong><em>Photo de couverture \u00a9L\u00e9a Ghirardotti<\/em><\/strong><\/p>\n","protected":false},"excerpt":{"rendered":"<p>\u00c0 l\u2019occasion de la promo de son dernier film \u00ab\u00a0Youssef Salem a du succ\u00e8s\u00ab\u00a0, rencontre avec Ramzy Bedia, dr\u00f4le \u00e0 la ville comme \u00e0 l\u2019\u00e9cran !<\/p>\n","protected":false},"author":1,"featured_media":8046,"comment_status":"open","ping_status":"open","sticky":false,"template":"","format":"standard","meta":{"tdm_status":"","tdm_grid_status":"","footnotes":""},"categories":[2130,2131],"tags":[371,19,64,2007,2005],"class_list":{"0":"post-8045","1":"post","2":"type-post","3":"status-publish","4":"format-standard","5":"has-post-thumbnail","7":"category-nos-interviews","8":"category-nos-rencontres","9":"tag-acteur","10":"tag-cinema","11":"tag-film","12":"tag-ramzy-bedia","13":"tag-youssef-salem-a-du-succes"},"aioseo_notices":[],"_links":{"self":[{"href":"https:\/\/roadtocinema.paris\/index.php\/wp-json\/wp\/v2\/posts\/8045","targetHints":{"allow":["GET"]}}],"collection":[{"href":"https:\/\/roadtocinema.paris\/index.php\/wp-json\/wp\/v2\/posts"}],"about":[{"href":"https:\/\/roadtocinema.paris\/index.php\/wp-json\/wp\/v2\/types\/post"}],"author":[{"embeddable":true,"href":"https:\/\/roadtocinema.paris\/index.php\/wp-json\/wp\/v2\/users\/1"}],"replies":[{"embeddable":true,"href":"https:\/\/roadtocinema.paris\/index.php\/wp-json\/wp\/v2\/comments?post=8045"}],"version-history":[{"count":2,"href":"https:\/\/roadtocinema.paris\/index.php\/wp-json\/wp\/v2\/posts\/8045\/revisions"}],"predecessor-version":[{"id":8048,"href":"https:\/\/roadtocinema.paris\/index.php\/wp-json\/wp\/v2\/posts\/8045\/revisions\/8048"}],"wp:featuredmedia":[{"embeddable":true,"href":"https:\/\/roadtocinema.paris\/index.php\/wp-json\/wp\/v2\/media\/8046"}],"wp:attachment":[{"href":"https:\/\/roadtocinema.paris\/index.php\/wp-json\/wp\/v2\/media?parent=8045"}],"wp:term":[{"taxonomy":"category","embeddable":true,"href":"https:\/\/roadtocinema.paris\/index.php\/wp-json\/wp\/v2\/categories?post=8045"},{"taxonomy":"post_tag","embeddable":true,"href":"https:\/\/roadtocinema.paris\/index.php\/wp-json\/wp\/v2\/tags?post=8045"}],"curies":[{"name":"wp","href":"https:\/\/api.w.org\/{rel}","templated":true}]}}