{"id":8288,"date":"2023-04-02T12:00:00","date_gmt":"2023-04-02T10:00:00","guid":{"rendered":"https:\/\/roadtocinema.paris\/?p=8288"},"modified":"2026-01-18T20:02:21","modified_gmt":"2026-01-18T19:02:21","slug":"jean-pierre-jeunet-et-marc-caro-en-4k-sur-canal","status":"publish","type":"post","link":"https:\/\/roadtocinema.paris\/index.php\/2023\/04\/02\/jean-pierre-jeunet-et-marc-caro-en-4k-sur-canal\/","title":{"rendered":"Jean-Pierre Jeunet et Marc Caro en 4K sur Canal+"},"content":{"rendered":"\n<p><em>\u00c0 l\u2019occasion ce jour de l\u2019anniversaire de Marc Caro et pour la r\u00e9-\u00e9dition des films du bin\u00f4me en 4K sur Canal+ nous avons rencontr\u00e9 au Silencio des Pr\u00e8s ces deux trublions du cin\u00e9ma fran\u00e7ais.<\/em><\/p>\n\n\n\n<!--more-->\n\n\n\n<h2 class=\"wp-block-heading\">Cr\u00e9ateurs fous et g\u00e9niaux multi r\u00e9compens\u00e9s<\/h2>\n\n\n\n<p><strong>Jean-Pierre Jeunet <\/strong>et <strong>Marc Caro<\/strong> sont <strong>r\u00e9alisateurs<\/strong>, <strong>directeurs artistiques<\/strong>, <strong>sc\u00e9naristes<\/strong> et parfois m\u00eame <strong>acteurs<\/strong> et ce depuis plus de <strong>40 ans<\/strong>, leurs adaptations et id\u00e9es originales marquent les esprits et restent <strong>incontournables<\/strong> et <strong>ind\u00e9modables<\/strong>.&nbsp;<\/p>\n\n\n\n<p>Ils obtiennent en 1981 le<strong> C\u00e9sar du meilleur court-m\u00e9trage d&rsquo;animation<\/strong> pour <strong><em>Le Man\u00e8ge<\/em><\/strong>, Jeunet en 1991 re\u00e7oit le<strong> C\u00e9sar du meilleur court-m\u00e9trage de fiction<\/strong> pour <strong><em>Foutaises<\/em><\/strong>, en 1992 Jeunet et Caro re\u00e7oivent les <strong>C\u00e9sar de la meilleure premi\u00e8re \u0153uvre <\/strong>pour <strong><em>Delicatessen<\/em><\/strong> mais aussi celui du <strong>meilleur sc\u00e9nario original<\/strong>, en 2002 Jeunet est r\u00e9compens\u00e9 du <strong>C\u00e9sar du meilleur film<\/strong> pour le g\u00e9nial et ind\u00e9modable lui aussi <strong><em>Fabuleux Destin d&rsquo;Am\u00e9lie Poulain<\/em> <\/strong>et celui du <strong>meilleur r\u00e9alisateur<\/strong>, Jeunet est \u00e9galement nomm\u00e9 la m\u00eame ann\u00e9e aux <strong>Oscars<\/strong> pour le <strong>meilleur sc\u00e9nario original<\/strong> et le <strong>meilleur film \u00e9tranger<\/strong>, rien que \u00e7a !<\/p>\n\n\n\n<h2 class=\"wp-block-heading\">Notre rencontre<\/h2>\n\n\n\n<figure class=\"wp-block-embed aligncenter is-type-video is-provider-youtube wp-block-embed-youtube wp-embed-aspect-16-9 wp-has-aspect-ratio\"><div class=\"wp-block-embed__wrapper\">\n<div class=\"youtube-embed\" data-video_id=\"2YKiv5_IIBQ\"><iframe loading=\"lazy\" title=\"Rencontre avec Jean-Pierre Jeunet et Marc Caro\" width=\"696\" height=\"392\" src=\"https:\/\/www.youtube.com\/embed\/2YKiv5_IIBQ?start=24&#038;feature=oembed\" frameborder=\"0\" allow=\"accelerometer; autoplay; clipboard-write; encrypted-media; gyroscope; picture-in-picture; web-share\" allowfullscreen><\/iframe><\/div>\n<\/div><\/figure>\n","protected":false},"excerpt":{"rendered":"<p>\u00c0 l\u2019occasion ce jour de l\u2019anniversaire de Marc Caro et pour la r\u00e9-\u00e9dition des films du bin\u00f4me en 4K sur Canal+ nous avons rencontr\u00e9 au Silencio des Pr\u00e8s ces deux trublions du cin\u00e9ma fran\u00e7ais.<\/p>\n","protected":false},"author":5,"featured_media":8289,"comment_status":"open","ping_status":"open","sticky":false,"template":"","format":"standard","meta":{"tdm_status":"","tdm_grid_status":"","footnotes":""},"categories":[2130,2131],"tags":[19,64,2045,2046],"class_list":{"0":"post-8288","1":"post","2":"type-post","3":"status-publish","4":"format-standard","5":"has-post-thumbnail","7":"category-nos-interviews","8":"category-nos-rencontres","9":"tag-cinema","10":"tag-film","11":"tag-jean-pierre-jeunet","12":"tag-marc-caro"},"aioseo_notices":[],"_links":{"self":[{"href":"https:\/\/roadtocinema.paris\/index.php\/wp-json\/wp\/v2\/posts\/8288","targetHints":{"allow":["GET"]}}],"collection":[{"href":"https:\/\/roadtocinema.paris\/index.php\/wp-json\/wp\/v2\/posts"}],"about":[{"href":"https:\/\/roadtocinema.paris\/index.php\/wp-json\/wp\/v2\/types\/post"}],"author":[{"embeddable":true,"href":"https:\/\/roadtocinema.paris\/index.php\/wp-json\/wp\/v2\/users\/5"}],"replies":[{"embeddable":true,"href":"https:\/\/roadtocinema.paris\/index.php\/wp-json\/wp\/v2\/comments?post=8288"}],"version-history":[{"count":2,"href":"https:\/\/roadtocinema.paris\/index.php\/wp-json\/wp\/v2\/posts\/8288\/revisions"}],"predecessor-version":[{"id":8291,"href":"https:\/\/roadtocinema.paris\/index.php\/wp-json\/wp\/v2\/posts\/8288\/revisions\/8291"}],"wp:featuredmedia":[{"embeddable":true,"href":"https:\/\/roadtocinema.paris\/index.php\/wp-json\/wp\/v2\/media\/8289"}],"wp:attachment":[{"href":"https:\/\/roadtocinema.paris\/index.php\/wp-json\/wp\/v2\/media?parent=8288"}],"wp:term":[{"taxonomy":"category","embeddable":true,"href":"https:\/\/roadtocinema.paris\/index.php\/wp-json\/wp\/v2\/categories?post=8288"},{"taxonomy":"post_tag","embeddable":true,"href":"https:\/\/roadtocinema.paris\/index.php\/wp-json\/wp\/v2\/tags?post=8288"}],"curies":[{"name":"wp","href":"https:\/\/api.w.org\/{rel}","templated":true}]}}