{"id":8293,"date":"2023-04-09T12:00:00","date_gmt":"2023-04-09T10:00:00","guid":{"rendered":"https:\/\/roadtocinema.paris\/?p=8293"},"modified":"2023-04-09T12:17:17","modified_gmt":"2023-04-09T10:17:17","slug":"le-sixieme-enfant-de-leopold-legrand-deja-sur-canal","status":"publish","type":"post","link":"https:\/\/roadtocinema.paris\/index.php\/2023\/04\/09\/le-sixieme-enfant-de-leopold-legrand-deja-sur-canal\/","title":{"rendered":"\u201cLe sixi\u00e8me enfant\u201d de L\u00e9opold Legrand d\u00e9j\u00e0 sur CANAL+"},"content":{"rendered":"\n<p><em>Cette semaine, nous mettons \u00e0 l&rsquo;honneur L\u00e9opold Legrand jeune r\u00e9alisateur r\u00e9compens\u00e9 cette ann\u00e9e du Lumi\u00e8re du Meilleur Premier Film.<\/em><\/p>\n\n\n\n<!--more-->\n\n\n\n<h2 class=\"wp-block-heading\">L\u00e9opold Legrand, d\u00e9j\u00e0 immense<\/h2>\n\n\n\n<p>Le film de L\u00e9opold Legrand raconte l\u2019histoire de Franck, ferrailleur, et Meriem, ils ont cinq enfants, un sixi\u00e8me en route, et de s\u00e9rieux probl\u00e8mes d\u2019argent. Face \u00e0 eux, Julien et Anna sont avocats et n\u2019arrivent pas \u00e0 avoir d\u2019enfant. <strong>C\u2019est l\u2019histoire d\u2019un impensable arrangement<\/strong>.&nbsp;<\/p>\n\n\n\n<p>Avec au casting <strong>Sara Giraudeau<\/strong>, <strong>Benjamin Lavernhe<\/strong>, <strong>Judith Chemla<\/strong> et <strong>Damien Bonnard<\/strong>.<\/p>\n\n\n\n<h2 class=\"wp-block-heading\">Bande-annonce<\/h2>\n\n\n\n<figure class=\"wp-block-embed aligncenter is-type-video is-provider-youtube wp-block-embed-youtube wp-embed-aspect-16-9 wp-has-aspect-ratio\"><div class=\"wp-block-embed__wrapper\">\n<div class=\"youtube-embed\" data-video_id=\"FTtBcNzXXQ4\"><iframe loading=\"lazy\" title=\"Le Sixi\u00e8me enfant (2022) - Bande annonce HD\" width=\"696\" height=\"392\" src=\"https:\/\/www.youtube.com\/embed\/FTtBcNzXXQ4?feature=oembed&#038;enablejsapi=1\" frameborder=\"0\" allow=\"accelerometer; autoplay; clipboard-write; encrypted-media; gyroscope; picture-in-picture; web-share\" allowfullscreen><\/iframe><\/div>\n<\/div><\/figure>\n\n\n\n<p>Notre rencontre est \u00e0 retrouver juste ci-dessous, ensuite vous pouvez aller d\u00e9couvrir le film sur CANAL+ !<\/p>\n\n\n\n<figure class=\"wp-block-embed aligncenter is-type-video is-provider-youtube wp-block-embed-youtube wp-embed-aspect-16-9 wp-has-aspect-ratio\"><div class=\"wp-block-embed__wrapper\">\n<div class=\"youtube-embed\" data-video_id=\"WaAhn5etD7g\"><iframe loading=\"lazy\" title=\"Le film &quot;Le Sixi\u00e8me Enfant&quot; avec L\u00e9opold Legrand\" width=\"696\" height=\"392\" src=\"https:\/\/www.youtube.com\/embed\/WaAhn5etD7g?start=5&#038;feature=oembed\" frameborder=\"0\" allow=\"accelerometer; autoplay; clipboard-write; encrypted-media; gyroscope; picture-in-picture; web-share\" allowfullscreen><\/iframe><\/div>\n<\/div><\/figure>\n","protected":false},"excerpt":{"rendered":"<p>Cette semaine, nous mettons \u00e0 l&rsquo;honneur L\u00e9opold Legrand jeune r\u00e9alisateur r\u00e9compens\u00e9 cette ann\u00e9e du Lumi\u00e8re du Meilleur Premier Film.<\/p>\n","protected":false},"author":1,"featured_media":8294,"comment_status":"open","ping_status":"open","sticky":false,"template":"","format":"standard","meta":{"tdm_status":"","tdm_grid_status":"","footnotes":""},"categories":[621,145],"tags":[19,64,2048,2047,87],"class_list":{"0":"post-8293","1":"post","2":"type-post","3":"status-publish","4":"format-standard","5":"has-post-thumbnail","7":"category-ceremonie-des-lumieres","8":"category-nos-partenariats","9":"tag-cinema","10":"tag-film","11":"tag-la-sixieme-enfant","12":"tag-leopold-legrand","13":"tag-realisateur"},"aioseo_notices":[],"_links":{"self":[{"href":"https:\/\/roadtocinema.paris\/index.php\/wp-json\/wp\/v2\/posts\/8293","targetHints":{"allow":["GET"]}}],"collection":[{"href":"https:\/\/roadtocinema.paris\/index.php\/wp-json\/wp\/v2\/posts"}],"about":[{"href":"https:\/\/roadtocinema.paris\/index.php\/wp-json\/wp\/v2\/types\/post"}],"author":[{"embeddable":true,"href":"https:\/\/roadtocinema.paris\/index.php\/wp-json\/wp\/v2\/users\/1"}],"replies":[{"embeddable":true,"href":"https:\/\/roadtocinema.paris\/index.php\/wp-json\/wp\/v2\/comments?post=8293"}],"version-history":[{"count":2,"href":"https:\/\/roadtocinema.paris\/index.php\/wp-json\/wp\/v2\/posts\/8293\/revisions"}],"predecessor-version":[{"id":8296,"href":"https:\/\/roadtocinema.paris\/index.php\/wp-json\/wp\/v2\/posts\/8293\/revisions\/8296"}],"wp:featuredmedia":[{"embeddable":true,"href":"https:\/\/roadtocinema.paris\/index.php\/wp-json\/wp\/v2\/media\/8294"}],"wp:attachment":[{"href":"https:\/\/roadtocinema.paris\/index.php\/wp-json\/wp\/v2\/media?parent=8293"}],"wp:term":[{"taxonomy":"category","embeddable":true,"href":"https:\/\/roadtocinema.paris\/index.php\/wp-json\/wp\/v2\/categories?post=8293"},{"taxonomy":"post_tag","embeddable":true,"href":"https:\/\/roadtocinema.paris\/index.php\/wp-json\/wp\/v2\/tags?post=8293"}],"curies":[{"name":"wp","href":"https:\/\/api.w.org\/{rel}","templated":true}]}}