{"id":8321,"date":"2023-05-21T12:00:00","date_gmt":"2023-05-21T10:00:00","guid":{"rendered":"https:\/\/roadtocinema.paris\/?p=8321"},"modified":"2023-05-22T12:29:29","modified_gmt":"2023-05-22T10:29:29","slug":"lucien-jean-baptiste-a-voix-haute","status":"publish","type":"post","link":"https:\/\/roadtocinema.paris\/index.php\/2023\/05\/21\/lucien-jean-baptiste-a-voix-haute\/","title":{"rendered":"Lucien Jean-Baptiste, \u00e0 voix haute"},"content":{"rendered":"\n<p>\u00c0 l\u2019occasion du <strong>Prix Alice Guy<\/strong> au <strong>Max Linder \u00e0 Paris<\/strong>, nous avons rencontr\u00e9 l\u2019acteur, r\u00e9alisateur et sc\u00e9nariste<strong> Lucien Jean-Baptiste.<\/strong><\/p>\n\n\n\n<!--more-->\n\n\n\n<h2 class=\"wp-block-heading\">Le cin\u00e9ma dans la peau<\/h2>\n\n\n\n<p>Lucien Jean-Baptiste a r\u00e9alis\u00e9 et interpr\u00e9t\u00e9 de nombreux films, <strong>sa sympathie et son talent <\/strong>\u00e0 l\u2019\u00e9cran se ressentent lorsqu\u2019on le rencontre.&nbsp;<\/p>\n\n\n\n<p>Un r\u00f4le qui m\u2019a marqu\u00e9 c\u2019est celui d\u2019un film inspir\u00e9 du fait d\u2019hiver &#8211; la Tuerie du Grand Bornand, <strong><em>Possessions<\/em> <\/strong>r\u00e9alis\u00e9 par <strong>\u00c9ric Guirado<\/strong>, avec \u00e0 ses c\u00f4t\u00e9s&nbsp; <strong>J\u00e9r\u00e9mie Renier<\/strong>, <strong>Julie Depardieu <\/strong>et <strong>Alexandra Lamy<\/strong>.&nbsp;<\/p>\n\n\n\n<p>Il y a aussi bien s\u00fbr (entre autres) <strong><em>La Premi\u00e8re \u00c9toile<\/em><\/strong>,<strong> <em>Dieumerci !<\/em><\/strong> et<strong> <em>Il a d\u00e9j\u00e0 tes yeux<\/em><\/strong>.<\/p>\n\n\n\n<p>Tr\u00e8s actif dans le <strong>doublage<\/strong>, il est notamment la voix fran\u00e7aise r\u00e9guli\u00e8re de <strong>Chris Rock<\/strong>, <strong>Martin Lawrence <\/strong>et <strong>Ice Cube<\/strong> ainsi qu&rsquo;entre autres une des voix de <strong>Terrence Howard<\/strong>, <strong>Will Smith<\/strong>, <strong>Kevin Hart<\/strong>,<strong> Jamie Foxx<\/strong>,<\/p>\n\n\n\n<p>Lucien Jean-Baptiste nous rappelle que parfois il suffit d&rsquo;<strong>une invitation <\/strong>pour qu&rsquo;un monde s&rsquo;ouvre \u00e0 nous et bouleverse notre vie. <strong>Vive les #projectionnistes !<\/strong><\/p>\n\n\n\n<h2 class=\"wp-block-heading\">Notre rencontre<\/h2>\n\n\n\n<figure class=\"wp-block-embed is-type-video is-provider-youtube wp-block-embed-youtube wp-embed-aspect-16-9 wp-has-aspect-ratio\"><div class=\"wp-block-embed__wrapper\">\n<div class=\"youtube-embed\" data-video_id=\"tC9ka_gmYTQ\"><iframe loading=\"lazy\" title=\"Le cin\u00e9ma avec l&#039;acteur Lucien Jean-Baptiste\" width=\"696\" height=\"392\" src=\"https:\/\/www.youtube.com\/embed\/tC9ka_gmYTQ?start=2&#038;feature=oembed\" frameborder=\"0\" allow=\"accelerometer; autoplay; clipboard-write; encrypted-media; gyroscope; picture-in-picture; web-share\" allowfullscreen><\/iframe><\/div>\n<\/div><\/figure>\n","protected":false},"excerpt":{"rendered":"<p>\u00c0 l\u2019occasion du Prix Alice Guy au Max Linder \u00e0 Paris, nous avons rencontr\u00e9 l\u2019acteur, r\u00e9alisateur et sc\u00e9nariste Lucien Jean-Baptiste.<\/p>\n","protected":false},"author":1,"featured_media":8322,"comment_status":"open","ping_status":"open","sticky":false,"template":"","format":"standard","meta":{"tdm_status":"","tdm_grid_status":"","footnotes":""},"categories":[145,2052],"tags":[371,64,2053,504],"class_list":{"0":"post-8321","1":"post","2":"type-post","3":"status-publish","4":"format-standard","5":"has-post-thumbnail","7":"category-nos-partenariats","8":"category-prix-alice-guy","9":"tag-acteur","10":"tag-film","11":"tag-lucien-jean-baptiste","12":"tag-prix-alice-guy"},"aioseo_notices":[],"_links":{"self":[{"href":"https:\/\/roadtocinema.paris\/index.php\/wp-json\/wp\/v2\/posts\/8321","targetHints":{"allow":["GET"]}}],"collection":[{"href":"https:\/\/roadtocinema.paris\/index.php\/wp-json\/wp\/v2\/posts"}],"about":[{"href":"https:\/\/roadtocinema.paris\/index.php\/wp-json\/wp\/v2\/types\/post"}],"author":[{"embeddable":true,"href":"https:\/\/roadtocinema.paris\/index.php\/wp-json\/wp\/v2\/users\/1"}],"replies":[{"embeddable":true,"href":"https:\/\/roadtocinema.paris\/index.php\/wp-json\/wp\/v2\/comments?post=8321"}],"version-history":[{"count":2,"href":"https:\/\/roadtocinema.paris\/index.php\/wp-json\/wp\/v2\/posts\/8321\/revisions"}],"predecessor-version":[{"id":8325,"href":"https:\/\/roadtocinema.paris\/index.php\/wp-json\/wp\/v2\/posts\/8321\/revisions\/8325"}],"wp:featuredmedia":[{"embeddable":true,"href":"https:\/\/roadtocinema.paris\/index.php\/wp-json\/wp\/v2\/media\/8322"}],"wp:attachment":[{"href":"https:\/\/roadtocinema.paris\/index.php\/wp-json\/wp\/v2\/media?parent=8321"}],"wp:term":[{"taxonomy":"category","embeddable":true,"href":"https:\/\/roadtocinema.paris\/index.php\/wp-json\/wp\/v2\/categories?post=8321"},{"taxonomy":"post_tag","embeddable":true,"href":"https:\/\/roadtocinema.paris\/index.php\/wp-json\/wp\/v2\/tags?post=8321"}],"curies":[{"name":"wp","href":"https:\/\/api.w.org\/{rel}","templated":true}]}}