{"id":8333,"date":"2023-05-28T12:13:26","date_gmt":"2023-05-28T10:13:26","guid":{"rendered":"https:\/\/roadtocinema.paris\/?p=8333"},"modified":"2023-05-28T12:13:27","modified_gmt":"2023-05-28T10:13:27","slug":"a-la-rencontre-du-realisateur-jean-paul-salome","status":"publish","type":"post","link":"https:\/\/roadtocinema.paris\/index.php\/2023\/05\/28\/a-la-rencontre-du-realisateur-jean-paul-salome\/","title":{"rendered":"A la rencontre du r\u00e9alisateur Jean-Paul Salom\u00e9"},"content":{"rendered":"\n<p>\u00c0 l\u2019occasion du <strong>Prix Alice Guy<\/strong> au <strong>Max Linder \u00e0 Paris<\/strong>, nous avons rencontr\u00e9 le r\u00e9alisateur <strong>Jean-Paul Salom\u00e9<\/strong>.<\/p>\n\n\n\n<!--more-->\n\n\n\n<h2 class=\"wp-block-heading\">Jean-Paul Salom\u00e9, derri\u00e8re la cam\u00e9ra<\/h2>\n\n\n\n<p>Nous avons \u00e9t\u00e9 heureuses de rencontrer <strong>Jean-Paul Salom\u00e9<\/strong>, <strong>cin\u00e9aste<\/strong> qui cadre le monde avec pr\u00e9cision et justesse.<\/p>\n\n\n\n<p>Jean-Paul Salom\u00e9 est un r\u00e9alisateur, sc\u00e9nariste et producteur fran\u00e7ais. Il est connu pour ses contributions dans l&rsquo;industrie cin\u00e9matographique fran\u00e7aise, notamment pour ses films \u00e0 suspense et policiers.<\/p>\n\n\n\n<p>Jean-Paul Salom\u00e9 a commenc\u00e9 sa carri\u00e8re dans les ann\u00e9es 80 en travaillant comme assistant r\u00e9alisateur sur plusieurs films. En 1994, il r\u00e9alise son premier long m\u00e9trage <em><strong>Les Braqueuses<\/strong><\/em>, puis encha\u00eene en 2001 avec <em><strong>Belph\u00e9gor &#8211; Le fant\u00f4me du Louvre<\/strong><\/em>, avec Sophie Marceau, Fr\u00e9d\u00e9ric Diefenthal, Michel Serrault et Julie Christie. Le film connait un certain succ\u00e8s !<\/p>\n\n\n\n<p>Parmi ses autres films figurent <em><strong>Les Femmes de l&rsquo;ombre<\/strong><\/em> (2008), <strong><em>Ars\u00e8ne Lupin<\/em> <\/strong>(2004), <strong><em>La Daronne <\/em><\/strong>(2019) et enfin <em><strong>La Syndicaliste <\/strong><\/em>(2023). D&rsquo;ailleurs, lors de la <strong>46<sup>e<\/sup>\u00a0c\u00e9r\u00e9monie des C\u00e9sars<\/strong>, son film <em>La Daronne<\/em> est nomm\u00e9 pour le\u00a0<strong>C\u00e9sar de la meilleure adaptation<\/strong>.<\/p>\n\n\n\n<p>En plus de sa carri\u00e8re de r\u00e9alisateur, Jean-Paul Salom\u00e9 a \u00e9galement \u00e9t\u00e9 pr\u00e9sident de l&rsquo;Association des r\u00e9alisateurs et r\u00e9alisatrices de films (ARF) en France de 2008 \u00e0 2010.<\/p>\n\n\n\n<h2 class=\"wp-block-heading\">Synopsis du film : <em>La syndicaliste<\/em><\/h2>\n\n\n\n<p>Un matin, Maureen Kearney est violemment agress\u00e9e chez elle. Elle travaillait sur un dossier sensible dans le secteur nucl\u00e9aire fran\u00e7ais et subissait de violentes pressions politiques. Les enqu\u00eateurs ne retrouvent aucune trace des agresseurs\u2026 Est-elle victime ou coupable de d\u00e9nonciation mensong\u00e8re ?<\/p>\n\n\n\n<h2 class=\"wp-block-heading\">Notre rencontre<\/h2>\n\n\n\n<figure class=\"wp-block-embed aligncenter is-type-video is-provider-youtube wp-block-embed-youtube wp-embed-aspect-16-9 wp-has-aspect-ratio\"><div class=\"wp-block-embed__wrapper\">\n<div class=\"youtube-embed\" data-video_id=\"BHOo6oN616g\"><iframe loading=\"lazy\" title=\"Le cin\u00e9ma avec le r\u00e9alisateur Jean-Paul Salom\u00e9\" width=\"696\" height=\"392\" src=\"https:\/\/www.youtube.com\/embed\/BHOo6oN616g?feature=oembed&#038;enablejsapi=1\" frameborder=\"0\" allow=\"accelerometer; autoplay; clipboard-write; encrypted-media; gyroscope; picture-in-picture; web-share\" allowfullscreen><\/iframe><\/div>\n<\/div><\/figure>\n","protected":false},"excerpt":{"rendered":"<p>\u00c0 l\u2019occasion du Prix Alice Guy au Max Linder \u00e0 Paris, nous avons rencontr\u00e9 le r\u00e9alisateur Jean-Paul Salom\u00e9.<\/p>\n","protected":false},"author":1,"featured_media":8334,"comment_status":"open","ping_status":"open","sticky":false,"template":"","format":"standard","meta":{"tdm_status":"","tdm_grid_status":"","footnotes":""},"categories":[145,2052],"tags":[19,64,2055,87],"class_list":{"0":"post-8333","1":"post","2":"type-post","3":"status-publish","4":"format-standard","5":"has-post-thumbnail","7":"category-nos-partenariats","8":"category-prix-alice-guy","9":"tag-cinema","10":"tag-film","11":"tag-jean-paul-salome","12":"tag-realisateur"},"aioseo_notices":[],"_links":{"self":[{"href":"https:\/\/roadtocinema.paris\/index.php\/wp-json\/wp\/v2\/posts\/8333","targetHints":{"allow":["GET"]}}],"collection":[{"href":"https:\/\/roadtocinema.paris\/index.php\/wp-json\/wp\/v2\/posts"}],"about":[{"href":"https:\/\/roadtocinema.paris\/index.php\/wp-json\/wp\/v2\/types\/post"}],"author":[{"embeddable":true,"href":"https:\/\/roadtocinema.paris\/index.php\/wp-json\/wp\/v2\/users\/1"}],"replies":[{"embeddable":true,"href":"https:\/\/roadtocinema.paris\/index.php\/wp-json\/wp\/v2\/comments?post=8333"}],"version-history":[{"count":1,"href":"https:\/\/roadtocinema.paris\/index.php\/wp-json\/wp\/v2\/posts\/8333\/revisions"}],"predecessor-version":[{"id":8335,"href":"https:\/\/roadtocinema.paris\/index.php\/wp-json\/wp\/v2\/posts\/8333\/revisions\/8335"}],"wp:featuredmedia":[{"embeddable":true,"href":"https:\/\/roadtocinema.paris\/index.php\/wp-json\/wp\/v2\/media\/8334"}],"wp:attachment":[{"href":"https:\/\/roadtocinema.paris\/index.php\/wp-json\/wp\/v2\/media?parent=8333"}],"wp:term":[{"taxonomy":"category","embeddable":true,"href":"https:\/\/roadtocinema.paris\/index.php\/wp-json\/wp\/v2\/categories?post=8333"},{"taxonomy":"post_tag","embeddable":true,"href":"https:\/\/roadtocinema.paris\/index.php\/wp-json\/wp\/v2\/tags?post=8333"}],"curies":[{"name":"wp","href":"https:\/\/api.w.org\/{rel}","templated":true}]}}