{"id":8598,"date":"2024-06-02T12:00:00","date_gmt":"2024-06-02T10:00:00","guid":{"rendered":"https:\/\/roadtocinema.paris\/?p=8598"},"modified":"2024-06-02T22:05:52","modified_gmt":"2024-06-02T20:05:52","slug":"sarah-biasini-nous-livre-la-beaute-du-ciel","status":"publish","type":"post","link":"https:\/\/roadtocinema.paris\/index.php\/2024\/06\/02\/sarah-biasini-nous-livre-la-beaute-du-ciel\/","title":{"rendered":"Sarah Biasini livre \u00ab\u00a0La beaut\u00e9 du ciel\u00a0\u00bb"},"content":{"rendered":"\n<p><em>Sarah Biasini est <strong>\u00e9crivaine<\/strong> et <strong>actrice<\/strong>, elle raconte<strong> son rapport \u00e0 la maternit\u00e9 <\/strong>dans un livre important <strong>\u00ab\u00a0La beaut\u00e9 du ciel\u00a0\u00bb <\/strong>aux \u00e9ditions <strong>Stock<\/strong>, nous l&rsquo;avons rencontr\u00e9 dans le cadre des<strong> Journ\u00e9es nationales du Livre et du Vin \u00e0 Saumur<\/strong> mi-avril<\/em> <em>dernier.<\/em><\/p>\n\n\n\n<!--more-->\n\n\n\n<h2 class=\"wp-block-heading\">L&rsquo;amour comme guide <\/h2>\n\n\n\n<p><em>\u00ab Un matin de mai, le t\u00e9l\u00e9phone sonne, je r\u00e9ponds, \u00ab\u00a0Bonjour, gendarmerie de Mantes-la-Jolie, <strong>la tombe de votre m\u00e8re a \u00e9t\u00e9 profan\u00e9e dans la nuit<\/strong>\u00ab\u00a0. \u00bb <\/em><\/p>\n\n\n\n<p><em><strong>Une femme \u00e9crit \u00e0 sa fille qui vient de na\u00eetre. <\/strong>Elle lui parle de ses joies, ses peines, ses angoisses, et surtout d&rsquo;<strong>une absence<\/strong>, celle de sa propre m\u00e8re, <strong>Romy Schneider<\/strong>. Car cette m\u00e8re n&rsquo;est pas n&rsquo;importe quelle femme. Il s&rsquo;agit d&rsquo;<strong>une grande star de cin\u00e9ma<\/strong>, inoubliable pour tous ceux qui croisent le chemin de sa fille. <\/em><\/p>\n\n\n\n<p><em>Dans un r\u00e9cit fulgurant,<strong> hant\u00e9 par le manque<\/strong>, Sarah Biasini se livre et explore <strong>son rapport \u00e0 sa m\u00e8re<\/strong>, \u00e0 la mort, \u00e0 l&rsquo;amour. Un texte po\u00e9tique, rythm\u00e9 comme le ressac, o\u00f9 reviennent sans cesse ces questions :<strong> comment grandir quand on a perdu sa m\u00e8re \u00e0 quatre ans ?<\/strong> Comment vivre lorsqu&rsquo;on est habit\u00e9e par la mort et qu&rsquo;elle a emport\u00e9 tant de proches ? Comment faire le deuil d&rsquo;une m\u00e8re que le monde entier idol\u00e2tre ? <strong>Comment devenir \u00e0 son tour m\u00e8re ?<\/strong><\/em><\/p>\n\n\n\n<p><em><strong>La r\u00e9ponse, l&rsquo;auteure la porte en elle-m\u00eame, dans son h\u00e9ritage familial<\/strong>, dans l&rsquo;amour qu&rsquo;elle voue \u00e0 ses proches, \u00e0 ses amis,<strong> \u00e0 ces figures f\u00e9minines qui l&rsquo;ont \u00e9lev\u00e9e comment autant d&rsquo;autres m\u00e8res<\/strong>.<\/em><\/p>\n\n\n\n<p><em><strong>Le livre de la vie, envers et contre tout.<\/strong><\/em><\/p>\n\n\n\n<h2 class=\"wp-block-heading\">Notre rencontre \u00e0 Saumur<\/h2>\n\n\n\n<figure class=\"wp-block-embed is-type-video is-provider-youtube wp-block-embed-youtube wp-embed-aspect-16-9 wp-has-aspect-ratio\"><div class=\"wp-block-embed__wrapper\">\n<iframe loading=\"lazy\" title=\"LA BEAUT\u00c9 DU CIEL de Sarah Biasini\" width=\"696\" height=\"392\" src=\"https:\/\/www.youtube.com\/embed\/REoHyvH17RQ?feature=oembed\" frameborder=\"0\" allow=\"accelerometer; autoplay; clipboard-write; encrypted-media; gyroscope; picture-in-picture; web-share\" referrerpolicy=\"strict-origin-when-cross-origin\" allowfullscreen><\/iframe>\n<\/div><\/figure>\n\n\n\n<p>Nous remercions infiniment les organisateurs du festival pour leur accueil, leur gentillesse, leur bienveillance, leur g\u00e9n\u00e9rosit\u00e9, et pour la libert\u00e9 qu&rsquo;ils nous ont offert. Passez par Saumur l&rsquo;ann\u00e9e prochaine, vous voguerez sur l&rsquo;eau comme dans les mots.<\/p>\n","protected":false},"excerpt":{"rendered":"<p>Sarah Biasini est \u00e9crivaine et actrice, elle raconte son rapport \u00e0 la maternit\u00e9 dans un livre important \u00ab\u00a0La beaut\u00e9 du ciel\u00a0\u00bb aux \u00e9ditions Stock, nous l&rsquo;avons rencontr\u00e9 dans le cadre des Journ\u00e9es nationales du Livre et du Vin \u00e0 Saumur mi-avril dernier.<\/p>\n","protected":false},"author":1,"featured_media":8599,"comment_status":"open","ping_status":"open","sticky":false,"template":"","format":"standard","meta":{"tdm_status":"","tdm_grid_status":"","footnotes":""},"categories":[2105,145],"tags":[2099,75,2107,64,257,2109,2108,2106],"class_list":{"0":"post-8598","1":"post","2":"type-post","3":"status-publish","4":"format-standard","5":"has-post-thumbnail","7":"category-journees-nationales-du-livre-et-du-vin","8":"category-nos-partenariats","9":"tag-autrice","10":"tag-cinema-2","11":"tag-festival-du-livre-et-du-vin","12":"tag-film","13":"tag-livre","14":"tag-maternite","15":"tag-romy-schneider","16":"tag-sarah-biasini"},"aioseo_notices":[],"_links":{"self":[{"href":"https:\/\/roadtocinema.paris\/index.php\/wp-json\/wp\/v2\/posts\/8598","targetHints":{"allow":["GET"]}}],"collection":[{"href":"https:\/\/roadtocinema.paris\/index.php\/wp-json\/wp\/v2\/posts"}],"about":[{"href":"https:\/\/roadtocinema.paris\/index.php\/wp-json\/wp\/v2\/types\/post"}],"author":[{"embeddable":true,"href":"https:\/\/roadtocinema.paris\/index.php\/wp-json\/wp\/v2\/users\/1"}],"replies":[{"embeddable":true,"href":"https:\/\/roadtocinema.paris\/index.php\/wp-json\/wp\/v2\/comments?post=8598"}],"version-history":[{"count":4,"href":"https:\/\/roadtocinema.paris\/index.php\/wp-json\/wp\/v2\/posts\/8598\/revisions"}],"predecessor-version":[{"id":8605,"href":"https:\/\/roadtocinema.paris\/index.php\/wp-json\/wp\/v2\/posts\/8598\/revisions\/8605"}],"wp:featuredmedia":[{"embeddable":true,"href":"https:\/\/roadtocinema.paris\/index.php\/wp-json\/wp\/v2\/media\/8599"}],"wp:attachment":[{"href":"https:\/\/roadtocinema.paris\/index.php\/wp-json\/wp\/v2\/media?parent=8598"}],"wp:term":[{"taxonomy":"category","embeddable":true,"href":"https:\/\/roadtocinema.paris\/index.php\/wp-json\/wp\/v2\/categories?post=8598"},{"taxonomy":"post_tag","embeddable":true,"href":"https:\/\/roadtocinema.paris\/index.php\/wp-json\/wp\/v2\/tags?post=8598"}],"curies":[{"name":"wp","href":"https:\/\/api.w.org\/{rel}","templated":true}]}}